{"id":232473,"date":"2026-06-21T03:20:12","date_gmt":"2026-06-21T03:20:12","guid":{"rendered":"https:\/\/www.europesays.com\/lv\/232473\/"},"modified":"2026-06-21T03:20:12","modified_gmt":"2026-06-21T03:20:12","slug":"intervija-%e2%9f%a9-kubilus-eiropa-isteno-aizsardzibas-finansejuma-lielo-spradzienu","status":"publish","type":"post","link":"https:\/\/www.europesays.com\/lv\/232473\/","title":{"rendered":"INTERVIJA \u27e9 Kubi\u013cus: Eiropa \u012bsteno aizsardz\u012bbas finans\u0113juma &#8220;lielo spr\u0101dzienu&#8221;"},"content":{"rendered":"<p class=\"MsoNormal\">Vi\u0146\u0161 uzsver, ka tagad situ\u0101cija main\u0101s \u2013 ASV arvien skaidr\u0101k signaliz\u0113, ka strat\u0113\u0123isku apsv\u0113rumu d\u0113\u013c liel\u0101ka uzman\u012bba b\u016bs j\u0101piev\u0113r\u0161 Indijas un Klus\u0101 oke\u0101na re\u0123ionam, t\u0101d\u0113\u013c Eiropai j\u0101uz\u0146emas daudz liel\u0101ka atbild\u012bba par savu aizsardz\u012bbu. &#8220;Tas noz\u012bm\u0113, ka mums \u013coti strauji j\u0101palielina aizsardz\u012bbai pieejamie finan\u0161u resursi,&#8221; saka Kubi\u013cus.<\/p>\n<p class=\"isselectedend\">Vi\u0146\u0161 uzsver, ka SAFE nav vien\u012bgais instruments, ar kuru Brisele cen\u0161as pan\u0101kt \u0161o m\u0113r\u0137i. Vienlaikus ES \u013c\u0101vusi dal\u012bbvalst\u012bm, piem\u0113ram, elast\u012bg\u0101k piem\u0113rot fisk\u0101los noteikumus, lai t\u0101s var\u0113tu vair\u0101k l\u012bdzek\u013cu novirz\u012bt aizsardz\u012bbas vajadz\u012bb\u0101m.<\/p>\n<p class=\"isselectedend\">Tom\u0113r SAFE ir \u012bpa\u0161s ar to, ka tas \u013cauj valst\u012bm aiz\u0146emties l\u012bdzek\u013cus ar izdev\u012bgiem nosac\u012bjumiem, izmantojot ES kop\u0113jo kred\u012btsp\u0113ju. Kubi\u013cus skaidro, ka tie\u0161i t\u0101d\u0113\u013c Latvijai un cit\u0101m valst\u012bm pieejamie aizdevumi ir l\u0113t\u0101ki nek\u0101 tad, ja t\u0101s l\u012bdzv\u0113rt\u012bgu finans\u0113jumu m\u0113\u0123in\u0101tu piesaist\u012bt individu\u0101li.<\/p>\n<p class=\"isselectedend\">Atbildot uz kritiku, ka Eiropa uz katru kr\u012bzi rea\u0123\u0113 ar jauniem aiz\u0146\u0113mumiem, komis\u0101rs nor\u0101da, ka \u0161oreiz runa nav par jauniem past\u0101v\u012bgiem t\u0113ri\u0146iem, bet par iesp\u0113ju pa\u0101trin\u0101t invest\u012bcijas, kuras dal\u012bbvalstis t\u0101pat pl\u0101no veikt tuv\u0101kajos gados.<\/p>\n","protected":false},"excerpt":{"rendered":"Vi\u0146\u0161 uzsver, ka tagad situ\u0101cija main\u0101s \u2013 ASV arvien skaidr\u0101k signaliz\u0113, ka strat\u0113\u0123isku apsv\u0113rumu d\u0113\u013c liel\u0101ka uzman\u012bba b\u016bs&hellip;\n","protected":false},"author":2,"featured_media":232474,"comment_status":"","ping_status":"","sticky":false,"template":"","format":"standard","meta":{"footnotes":"","_share_on_mastodon":"0"},"categories":[5],"tags":[1546,23,6954,28,29,334,512,514,32,33,22,39699,30,31,35,39,38,36,37,34,40,20,26,27,24,25,6818,21],"class_list":["post-232473","post","type-post","status-publish","format-standard","has-post-thumbnail","category-aktualitates","tag-aizsardziba","tag-aktualitates","tag-andrjus-kubilus","tag-breaking-news","tag-breakingnews","tag-drosiba","tag-eiropas-komisija","tag-eiropas-savieniba","tag-featured-news","tag-featurednews","tag-headlines","tag-intervijas","tag-latest-news","tag-latestnews","tag-latvia","tag-latvian","tag-latviesu","tag-latviesu-valoda","tag-latviesuvaloda","tag-latvija","tag-lv","tag-news","tag-popularakas-zinas","tag-popularakaszinas","tag-top-stories","tag-topstories","tag-tvnet-intervijas","tag-zinas"],"share_on_mastodon":{"url":"https:\/\/pubeurope.com\/@lv\/116785946599004474","error":""},"_links":{"self":[{"href":"https:\/\/www.europesays.com\/lv\/wp-json\/wp\/v2\/posts\/232473","targetHints":{"allow":["GET"]}}],"collection":[{"href":"https:\/\/www.europesays.com\/lv\/wp-json\/wp\/v2\/posts"}],"about":[{"href":"https:\/\/www.europesays.com\/lv\/wp-json\/wp\/v2\/types\/post"}],"author":[{"embeddable":true,"href":"https:\/\/www.europesays.com\/lv\/wp-json\/wp\/v2\/users\/2"}],"replies":[{"embeddable":true,"href":"https:\/\/www.europesays.com\/lv\/wp-json\/wp\/v2\/comments?post=232473"}],"version-history":[{"count":0,"href":"https:\/\/www.europesays.com\/lv\/wp-json\/wp\/v2\/posts\/232473\/revisions"}],"wp:featuredmedia":[{"embeddable":true,"href":"https:\/\/www.europesays.com\/lv\/wp-json\/wp\/v2\/media\/232474"}],"wp:attachment":[{"href":"https:\/\/www.europesays.com\/lv\/wp-json\/wp\/v2\/media?parent=232473"}],"wp:term":[{"taxonomy":"category","embeddable":true,"href":"https:\/\/www.europesays.com\/lv\/wp-json\/wp\/v2\/categories?post=232473"},{"taxonomy":"post_tag","embeddable":true,"href":"https:\/\/www.europesays.com\/lv\/wp-json\/wp\/v2\/tags?post=232473"}],"curies":[{"name":"wp","href":"https:\/\/api.w.org\/{rel}","templated":true}]}}