{"id":23270,"date":"2025-10-17T08:31:10","date_gmt":"2025-10-17T08:31:10","guid":{"rendered":"https:\/\/www.europesays.com\/lv\/23270\/"},"modified":"2025-10-17T08:31:10","modified_gmt":"2025-10-17T08:31:10","slug":"miers-un-drosiba-tuvajos-austrumos","status":"publish","type":"post","link":"https:\/\/www.europesays.com\/lv\/23270\/","title":{"rendered":"Miers un dro\u0161\u012bba Tuvajos Austrumos?"},"content":{"rendered":"<p>Oktobra s\u0101kum\u0101 pasauli p\u0101r\u0161alca v\u0113sts no Va\u0161ingtonas par Tuvo Austrumu miera pl\u0101nu, kas paredz karadarb\u012bbas p\u0101rtrauk\u0161anu Gaz\u0101 un t\u0101s piln\u012bgu demilitariz\u0101ciju. K\u0101 izteic\u0101s ASV prezidents Tramps, vi\u0146a pied\u0101v\u0101tais 20 punktu pl\u0101ns izbeig\u0161ot t\u016bksto\u0161gadu ilgo konfliktu Tuvajos Austrumos un uz visiem laikiem normaliz\u0113\u0161ot Izra\u0113las attiec\u012bbas ar apk\u0101rt\u0113j\u0101m valst\u012bm.<\/p>\n<p>Paties\u012bb\u0101 konflikts Tuvajos Austrumos ir daudz sen\u0101ks. Jau pravietis Amoss, kas dz\u012bvoja un darboj\u0101s net\u0101lu no Jeruzalemes ap 800.\u00a0gadu pirms Kristus, savos pravietojumos pasludin\u0101ja Dieva sodu Gazas pils\u0113tai par t\u0101s cietsird\u012bgo iztur\u0113\u0161anos pret g\u016bstek\u0146iem un cilv\u0113ku tirdzniec\u012bbu. Ja ne \u0101tr\u0101k, tad \u0161is pravietojums piepild\u012bj\u0101s 332. gad\u0101 pirms m\u016bsu \u0113ras, kad Gaza tika nopost\u012bta Ma\u0137edonijas Aleksandra karag\u0101jiena laik\u0101.<\/p>\n<p>Saska\u0146\u0101 ar oktobra s\u0101kum\u0101 pan\u0101kto vieno\u0161anos tagad iest\u0101\u0161oties jauna miera un uzplaukuma \u0113ra ne vien Tuvajos Austrumos, bet vis\u0101 pasaul\u0113, pav\u0113st\u012bja Donalds Tramps, piebilzdams, ka \u0161\u012b esot liela diena visai pasaulei. Amerik\u0101\u0146u nodoms esot p\u0101rv\u0113rst Gazu par plauksto\u0161u ekonomiku un Jeruzalemi \u2013 par pasaules atjaunotnes un savstarp\u0113j\u0101s sadarb\u012bbas centru.<\/p>\n<p>\u0160is pazi\u0146ojums sakustin\u0101jis \u013caudis daudzviet pasaul\u0113, ar\u012b pie mums. 9. oktobr\u012b pie Br\u012bv\u012bbas pieminek\u013ca R\u012bg\u0101 pulc\u0113j\u0101s Izra\u0113las draugi, izsakot prieku par pan\u0101kto vieno\u0161anos un atbalstu Izra\u0113lai t\u0101s c\u012b\u0146\u0101 pret terorismu. N\u0101kamaj\u0101 dien\u0101 R\u012bg\u0101 uz savu g\u0101jienu pulc\u0113j\u0101s palest\u012bnie\u0161u draugi, galvenok\u0101rt jauni cilv\u0113ki, nesot plak\u0101tus \u201cN\u0113 genoc\u012bdam\u201d un \u201cBr\u012bv\u012bbu Palest\u012bnai\u201d.<\/p>\n<p>Neizskat\u0101s, ka \u0161o tik da\u017e\u0101do \u013cau\u017eu grupu starp\u0101 tuv\u0101kaj\u0101 laik\u0101 var\u0113tu iest\u0101ties saska\u0146a. Vieni atg\u0101dina to, kas notika 7. oktobr\u012b pirms diviem gadiem, kad Izra\u0113l\u0101 no Gazas joslas iebruka palest\u012bnie\u0161i un pastr\u0101d\u0101ja ne\u017e\u0113l\u012bgus noziegumus pret Izra\u0113las civiliedz\u012bvot\u0101jiem, nogalinot vair\u0101k nek\u0101 t\u016bkstoti un aizvedot g\u016bst\u0101 ap divsimt piecdesmit cilv\u0113ku. Izra\u0113las draugi piln\u012bb\u0101 atbalsta Izra\u0113las ties\u012bbas dar\u012bt visu, lai neko taml\u012bdz\u012bgu nepie\u013cautu n\u0101kotn\u0113. \u0160ie \u013caudis nevar notic\u0113t, ka jebk\u0101da vieno\u0161an\u0101s sp\u0113s sl\u0101p\u0113t palest\u012bnie\u0161u teroristu naidu pret izra\u0113lie\u0161iem un attur\u0113t vi\u0146us no turpm\u0101kiem terora uzbrukumiem.<\/p>\n<p>Palest\u012bnie\u0161u draugi savuk\u0101rt ir sa\u0161utu\u0161i par Izra\u0113las armijas r\u012bc\u012bbu Gaz\u0101, kur uzlidojumos nogalin\u0101ti t\u016bksto\u0161iem iedz\u012bvot\u0101ju, ar\u012b sievietes un b\u0113rni. J\u0101atz\u012bm\u0113, ka lielie civiliedz\u012bvot\u0101ju upuri Gaz\u0101 rodas no t\u0101, ka \u201cHam\u0101s\u201d teroristi civilos iedz\u012bvot\u0101jus izmanto par dz\u012bvo vairogu. Vi\u0146iem \u0161o \u013cau\u017eu dz\u012bv\u012bbas ner\u016bp \u2013 vi\u0146i ier\u012bko savus sl\u0113p\u0146us un bru\u0146ojuma noliktavas tune\u013cos zem slimn\u012bc\u0101m, b\u0113rnud\u0101rziem, skol\u0101m un daudzdz\u012bvok\u013cu m\u0101j\u0101m.<\/p>\n<p>\u0160\u0137iet, ka palest\u012bnie\u0161u atbalst\u012bt\u0101ji to nav paman\u012bju\u0161i un aps\u016bdz Izra\u0113lu genoc\u012bd\u0101. P\u0113c vi\u0146u dom\u0101m, konflikts Izra\u0113las un Palest\u012bnas starp\u0101 beigtos, ja izra\u0113lie\u0161i atdotu vi\u0146iem okup\u0113t\u0101s teritorijas, kur tad var\u0113tu tik nodibin\u0101ta mierm\u012bl\u012bga Palest\u012bnas valsts.<\/p>\n<p>Un ir v\u0113l tre\u0161\u0101 \u013cau\u017eu grupa, kas \u0161ajos notikumos saskata B\u012bbeles pravietojumu piepild\u012b\u0161anos par Kristus dr\u012bzu atn\u0101k\u0161anu. \u012apa\u0161a uzman\u012bba tiek piev\u0113rsta optimistiskajiem v\u0113st\u012bjumiem par\u00a0 mieru un dro\u0161\u012bbu, kas tagad iest\u0101\u0161oties Izra\u0113l\u0101 un apk\u0101rt\u0113j\u0101s valst\u012bs.<\/p>\n<p>Pravietis D\u0101niels atkl\u0101j, ka visas \u0161\u0101das vieno\u0161an\u0101s neb\u016bs patiesas. T\u0101s tiks sl\u0113gtas ar vilt\u012bgiem nol\u016bkiem, bet apustulis P\u0101vils sav\u0101 pirmaj\u0101 v\u0113stul\u0113 Tesalonikas kristie\u0161iem raksta: \u201cT\u0101 Kunga diena n\u0101k k\u0101 zaglis nakt\u012b. Kad \u013caudis run\u0101s: miers un dro\u0161\u012bba, tiem p\u0113k\u0161\u0146i uzbruks posts k\u0101 s\u0101pes dzemd\u0113t\u0101jai, un tie nek\u0101di nesp\u0113s no t\u0101 izb\u0113gt.\u201d<\/p>\n<p>Vai jau tagad b\u016btu pien\u0101cis \u0161o pravietojumu piepild\u012b\u0161an\u0101s br\u012bdis, m\u0113s nezin\u0101m, tas mums nav atkl\u0101ts, bet mums ir dots apsol\u012bjums, ka, lai ar\u012b kad tas notiktu, p\u0113c visa \u0161\u012b posta un s\u0101p\u0113m iest\u0101sies patiess miers un dro\u0161\u012bba, ko ar savu atn\u0101k\u0161anu atnes\u012bs J\u0113zus Kristus. Sv\u0113t\u012bgs tas cilv\u0113ks, kas tam b\u016bs gatavs!<\/p>\n","protected":false},"excerpt":{"rendered":"Oktobra s\u0101kum\u0101 pasauli p\u0101r\u0161alca v\u0113sts no Va\u0161ingtonas par Tuvo Austrumu miera pl\u0101nu, kas paredz karadarb\u012bbas p\u0101rtrauk\u0161anu Gaz\u0101 un&hellip;\n","protected":false},"author":2,"featured_media":23271,"comment_status":"","ping_status":"","sticky":false,"template":"","format":"standard","meta":{"footnotes":""},"categories":[14],"tags":[23,57,28,29,47,32,33,22,381,64,30,31,35,39,38,36,37,34,40,20,385,26,27,172,382,384,383,24,25,54,55,56,21,58],"class_list":{"0":"post-23270","1":"post","2":"type-post","3":"status-publish","4":"format-standard","5":"has-post-thumbnail","7":"category-zinas-no-arvalstim","8":"tag-aktualitates","9":"tag-arvalstim","10":"tag-breaking-news","11":"tag-breakingnews","12":"tag-ekonomika","13":"tag-featured-news","14":"tag-featurednews","15":"tag-headlines","16":"tag-jaunumi","17":"tag-kultura","18":"tag-latest-news","19":"tag-latestnews","20":"tag-latvia","21":"tag-latvian","22":"tag-latviesu","23":"tag-latviesu-valoda","24":"tag-latviesuvaloda","25":"tag-latvija","26":"tag-lv","27":"tag-news","28":"tag-pieriga","29":"tag-popularakas-zinas","30":"tag-popularakaszinas","31":"tag-riga","32":"tag-sabiedriba","33":"tag-sludinajumi","34":"tag-sports-afisa","35":"tag-top-stories","36":"tag-topstories","37":"tag-world","38":"tag-world-news","39":"tag-worldnews","40":"tag-zinas","41":"tag-zinas-no-arvalstim"},"share_on_mastodon":{"url":"","error":""},"_links":{"self":[{"href":"https:\/\/www.europesays.com\/lv\/wp-json\/wp\/v2\/posts\/23270","targetHints":{"allow":["GET"]}}],"collection":[{"href":"https:\/\/www.europesays.com\/lv\/wp-json\/wp\/v2\/posts"}],"about":[{"href":"https:\/\/www.europesays.com\/lv\/wp-json\/wp\/v2\/types\/post"}],"author":[{"embeddable":true,"href":"https:\/\/www.europesays.com\/lv\/wp-json\/wp\/v2\/users\/2"}],"replies":[{"embeddable":true,"href":"https:\/\/www.europesays.com\/lv\/wp-json\/wp\/v2\/comments?post=23270"}],"version-history":[{"count":0,"href":"https:\/\/www.europesays.com\/lv\/wp-json\/wp\/v2\/posts\/23270\/revisions"}],"wp:featuredmedia":[{"embeddable":true,"href":"https:\/\/www.europesays.com\/lv\/wp-json\/wp\/v2\/media\/23271"}],"wp:attachment":[{"href":"https:\/\/www.europesays.com\/lv\/wp-json\/wp\/v2\/media?parent=23270"}],"wp:term":[{"taxonomy":"category","embeddable":true,"href":"https:\/\/www.europesays.com\/lv\/wp-json\/wp\/v2\/categories?post=23270"},{"taxonomy":"post_tag","embeddable":true,"href":"https:\/\/www.europesays.com\/lv\/wp-json\/wp\/v2\/tags?post=23270"}],"curies":[{"name":"wp","href":"https:\/\/api.w.org\/{rel}","templated":true}]}}