{"id":23274,"date":"2025-10-17T08:35:07","date_gmt":"2025-10-17T08:35:07","guid":{"rendered":"https:\/\/www.europesays.com\/lv\/23274\/"},"modified":"2025-10-17T08:35:07","modified_gmt":"2025-10-17T08:35:07","slug":"oficiali-izzinota-cina-zutis-rozentals-bokss-sportacentrs-com","status":"publish","type":"post","link":"https:\/\/www.europesays.com\/lv\/23274\/","title":{"rendered":"ofici\u0101li izzi\u0146ota c\u012b\u0146a Zutis-Rozent\u0101ls \u2013 Bokss \u2013 Sportacentrs.com"},"content":{"rendered":"<p>Kristaps Zutis ir Latvijas boksa \u0161obr\u012bd liel\u0101kais brends. Vi\u0146\u0161 tikko aizvad\u012bja c\u012b\u0146u pret Kristapu Z\u012bli, paz\u012bstamo kikbokseri, un \u0161aj\u0101 c\u012b\u0146\u0101 tika fiks\u0113ts neiz\u0161\u0137irts. Zu\u0161a bilance profesion\u0101laj\u0101 boks\u0101, kas ofici\u0101li re\u0123istr\u0113ta, ir 7-3-4, turkl\u0101t ofici\u0101li re\u0123istr\u0113tu uzvaru boks\u0101 vi\u0146\u0161 nav guvis kop\u0161 2019. gada, ta\u010du regul\u0101ri piedal\u0101s KOK c\u012b\u0146u \u0161ovos.<\/p>\n<p>Francis Rozent\u0101ls ir Latvijas boksa jaun\u0101 vi\u013c\u0146a l\u012bderis un ar\u012b izce\u013cas ar profesion\u0101lajam boksam rakstur\u012bgu t\u0113lu. Vi\u0146a bilance ir 9-1-0, ta\u010du traumu d\u0113\u013c 24 gadus vecais sportists bijis spiests vair\u0101kas c\u012b\u0146as izlaist, ieskaitot ar\u012b \u0161oruden paredz\u0113to c\u012b\u0146u pret Ri\u010dardu Ozolu.<\/p>\n<p>Rozent\u0101ls un Zutis tie\u0161\u0101 konflikt\u0101 non\u0101ca \u0161\u012b gada s\u0101kum\u0101, kad piedal\u012bj\u0101s basketbola kluba &#8220;R\u012bgas Ze\u013c\u013ci&#8221; r\u012bkotaj\u0101 pas\u0101kum\u0101 Latvijas kausa izc\u012b\u0146\u0101. Pirms basketbola sp\u0113les s\u0101kuma notika faitbola ma\u010ds, kur\u0101 Rozent\u0101ls un Zutis bija pret\u0113j\u0101s komand\u0101s, un \u0161\u012bs sp\u0113les laik\u0101 abi iesaist\u012bj\u0101s asumos viens pret otru. P\u0113c tam <a href=\"https:\/\/sportacentrs.com\/bokss\/31012025-zellu_un_vef_faitbola_atskanas_zutis_un_r\" rel=\"nofollow noopener\" target=\"_blank\">port\u0101lam Sportacentrs.com<\/a> gan Rozent\u0101ls, gan Zutis nor\u0101d\u012bja uz pretinieka vainu \u0161aj\u0101 epizod\u0113 un abi izteica principi\u0101lu v\u0113lmi noskaidrot attiec\u012bbas boksa ring\u0101.<\/p>\n<p>Pavasar\u012b l\u012bdz \u0161\u0101das c\u012b\u0146as sar\u012bko\u0161anai gan nenon\u0101ca, ta\u010du abi <a href=\"https:\/\/sportacentrs.com\/bokss\/04042025-zutis_un_rozentals_treninu_zale_bez_cimdi\" rel=\"nofollow noopener\" target=\"_blank\">satik\u0101s neform\u0101l\u0101 c\u012b\u0146\u0101<\/a> ar kail\u0101m d\u016br\u0113m treni\u0146z\u0101l\u0113.<\/p>\n<p>Ta\u010du tagad ofici\u0101li izzi\u0146ota abu savstarp\u0113ja c\u012b\u0146a. C\u012b\u0146as organiz\u0113t\u0101js &#8220;Bazara 0 Fight Club&#8221; pav\u0113st\u012bjis, ka Rozent\u0101ls pret Zuti c\u012bn\u012bsies &#8220;Xiaomi Arena&#8221; R\u012bg\u0101 10. janv\u0101r\u012b. Bi\u013cetes jau pieejamas &#8220;Bilesuserviss.lv&#8221;.<\/p>\n<p>J\u0101atg\u0101dina, ka Zutis un Rozent\u0101ls sav\u0101s karjer\u0101s liel\u0101koties p\u0101rst\u0101v\u0113ju\u0161i krietni at\u0161\u0137ir\u012bgas svara kategorijas, Zutim c\u012bnoties smagsvaros un Rozent\u0101lam l\u012bdz 80kg, ta\u010du \u0161ogad vi\u0146i abi aizvad\u012bja c\u012b\u0146as kr\u016bzeru svara kategorij\u0101 (l\u012bdz 90.7kg).<\/p>\n","protected":false},"excerpt":{"rendered":"Kristaps Zutis ir Latvijas boksa \u0161obr\u012bd liel\u0101kais brends. Vi\u0146\u0161 tikko aizvad\u012bja c\u012b\u0146u pret Kristapu Z\u012bli, paz\u012bstamo kikbokseri, un&hellip;\n","protected":false},"author":2,"featured_media":23275,"comment_status":"","ping_status":"","sticky":false,"template":"","format":"standard","meta":{"footnotes":""},"categories":[17],"tags":[2153,35,39,38,36,37,34,40,67],"class_list":{"0":"post-23274","1":"post","2":"type-post","3":"status-publish","4":"format-standard","5":"has-post-thumbnail","7":"category-sports","8":"tag-bokss","9":"tag-latvia","10":"tag-latvian","11":"tag-latviesu","12":"tag-latviesu-valoda","13":"tag-latviesuvaloda","14":"tag-latvija","15":"tag-lv","16":"tag-sports"},"share_on_mastodon":{"url":"","error":""},"_links":{"self":[{"href":"https:\/\/www.europesays.com\/lv\/wp-json\/wp\/v2\/posts\/23274","targetHints":{"allow":["GET"]}}],"collection":[{"href":"https:\/\/www.europesays.com\/lv\/wp-json\/wp\/v2\/posts"}],"about":[{"href":"https:\/\/www.europesays.com\/lv\/wp-json\/wp\/v2\/types\/post"}],"author":[{"embeddable":true,"href":"https:\/\/www.europesays.com\/lv\/wp-json\/wp\/v2\/users\/2"}],"replies":[{"embeddable":true,"href":"https:\/\/www.europesays.com\/lv\/wp-json\/wp\/v2\/comments?post=23274"}],"version-history":[{"count":0,"href":"https:\/\/www.europesays.com\/lv\/wp-json\/wp\/v2\/posts\/23274\/revisions"}],"wp:featuredmedia":[{"embeddable":true,"href":"https:\/\/www.europesays.com\/lv\/wp-json\/wp\/v2\/media\/23275"}],"wp:attachment":[{"href":"https:\/\/www.europesays.com\/lv\/wp-json\/wp\/v2\/media?parent=23274"}],"wp:term":[{"taxonomy":"category","embeddable":true,"href":"https:\/\/www.europesays.com\/lv\/wp-json\/wp\/v2\/categories?post=23274"},{"taxonomy":"post_tag","embeddable":true,"href":"https:\/\/www.europesays.com\/lv\/wp-json\/wp\/v2\/tags?post=23274"}],"curies":[{"name":"wp","href":"https:\/\/api.w.org\/{rel}","templated":true}]}}