{"id":23298,"date":"2025-10-17T08:55:11","date_gmt":"2025-10-17T08:55:11","guid":{"rendered":"https:\/\/www.europesays.com\/lv\/23298\/"},"modified":"2025-10-17T08:55:11","modified_gmt":"2025-10-17T08:55:11","slug":"spanija-atklaj-no-latvijas-lietuvas-un-citam-valstim-ievestas-viltotas-degvielas-izplatitajus","status":"publish","type":"post","link":"https:\/\/www.europesays.com\/lv\/23298\/","title":{"rendered":"Sp\u0101nij\u0101 atkl\u0101j no Latvijas, Lietuvas un cit\u0101m valst\u012bm ievestas viltotas degvielas izplat\u012bt\u0101jus"},"content":{"rendered":"<p>Oper\u0101cij\u0101 &#8220;Tenk&#8221;, kas s\u0101kta p\u0113c tam, kad Mursijas provinces Abaranas pa\u0161vald\u012bbas La Ojas del Kampo iedz\u012bvot\u0101ji s\u016bdz\u0113j\u0101s par nep\u0101rtrauktu degvielas ved\u0113ju kust\u012bbu.<\/p>\n<p>Viet\u0113j\u0101s amatpersonas atkl\u0101ja nelikum\u012bgu degvielas noliktavu ar vair\u0101k nek\u0101 70 000 litru d\u012bze\u013cdegvielas, k\u0101 ar\u012b iek\u0101rtas, uzglab\u0101\u0161anas tvertnes un \u0137imik\u0101lijas, piem\u0113ram, triacet\u012bnu, kas nav apstiprin\u0101ts izmanto\u0161anai automobi\u013cu d\u012bze\u013cdegviel\u0101..<\/p>\n<p>V\u0113l\u0101k tika noskaidrots, ka viela nav t\u012bra d\u012bze\u013cdegviela, bet tai ir piejaukumi, lai main\u012btu degvielas fizisk\u0101s \u012bpa\u0161\u012bbas un izvair\u012btos no nodok\u013cu nomaksas.<\/p>\n<p>Modific\u0113t\u0101 <a href=\"https:\/\/www.apollo.lv\/term\/560079\/degviela\" class=\"topicLink\" target=\"_blank\" rel=\"nofollow noopener\">degviela<\/a> bija paredz\u0113ta t\u0101 d\u0113v\u0113taj\u0101m zemo cenu degvielas uzpildes stacij\u0101m Mursij\u0101, Almerij\u0101, Alikant\u0113 un Valensij\u0101. V\u0113l\u0101kos reidos tika atkl\u0101tas v\u0113l divas neleg\u0101las noliktavas Avanilj\u0101, Mursij\u0101, un Silj\u0101, Valensij\u0101.<\/p>\n<p>Varasiest\u0101des konstat\u0113ju\u0161as, ka degviela ir no Latvijas, Polijas, Slov\u0101kijas, Ung\u0101rijas un Lietuvas. Lai izvair\u012btos no muitas p\u0101rbaud\u0113m un akc\u012bzes nodok\u013ciem, pieg\u0101des tika kr\u0101pnieciski deklar\u0113tas k\u0101 e\u013c\u013cas un sm\u0113rvielas, nevis d\u012bze\u013cdegviela.<\/p>\n<p>T\u0101d\u0113j\u0101di t\u012bkls izvair\u012bj\u0101s no Sp\u0101nijas \u012bpa\u0161\u0101 og\u013c\u016bde\u0146ra\u017eu nodok\u013ca, k\u0101 ar\u012b pievienot\u0101s v\u0113rt\u012bbas nodok\u013ca un uz\u0146\u0113mumu ien\u0101kuma nodok\u013ca saist\u012bb\u0101m. Amatpersonas apgalvo, ka \u0161\u012b sh\u0113ma ne tikai apkr\u0101pa valsts kasi, bet ar\u012b rad\u012bja negod\u012bgu konkurenci likum\u012bgiem uz\u0146\u0113mumiem.<\/p>\n","protected":false},"excerpt":{"rendered":"Oper\u0101cij\u0101 &#8220;Tenk&#8221;, kas s\u0101kta p\u0113c tam, kad Mursijas provinces Abaranas pa\u0161vald\u012bbas La Ojas del Kampo iedz\u012bvot\u0101ji s\u016bdz\u0113j\u0101s par&hellip;\n","protected":false},"author":2,"featured_media":23299,"comment_status":"","ping_status":"","sticky":false,"template":"","format":"standard","meta":{"footnotes":""},"categories":[14],"tags":[23,57,28,29,5838,5839,32,33,22,30,31,35,39,38,36,37,34,40,20,26,27,1670,24,25,7253,54,55,56,21,58],"class_list":{"0":"post-23298","1":"post","2":"type-post","3":"status-publish","4":"format-standard","5":"has-post-thumbnail","7":"category-zinas-no-arvalstim","8":"tag-aktualitates","9":"tag-arvalstim","10":"tag-breaking-news","11":"tag-breakingnews","12":"tag-degviela","13":"tag-degvielas-tirgus","14":"tag-featured-news","15":"tag-featurednews","16":"tag-headlines","17":"tag-latest-news","18":"tag-latestnews","19":"tag-latvia","20":"tag-latvian","21":"tag-latviesu","22":"tag-latviesu-valoda","23":"tag-latviesuvaloda","24":"tag-latvija","25":"tag-lv","26":"tag-news","27":"tag-popularakas-zinas","28":"tag-popularakaszinas","29":"tag-spanija","30":"tag-top-stories","31":"tag-topstories","32":"tag-viltots","33":"tag-world","34":"tag-world-news","35":"tag-worldnews","36":"tag-zinas","37":"tag-zinas-no-arvalstim"},"share_on_mastodon":{"url":"","error":""},"_links":{"self":[{"href":"https:\/\/www.europesays.com\/lv\/wp-json\/wp\/v2\/posts\/23298","targetHints":{"allow":["GET"]}}],"collection":[{"href":"https:\/\/www.europesays.com\/lv\/wp-json\/wp\/v2\/posts"}],"about":[{"href":"https:\/\/www.europesays.com\/lv\/wp-json\/wp\/v2\/types\/post"}],"author":[{"embeddable":true,"href":"https:\/\/www.europesays.com\/lv\/wp-json\/wp\/v2\/users\/2"}],"replies":[{"embeddable":true,"href":"https:\/\/www.europesays.com\/lv\/wp-json\/wp\/v2\/comments?post=23298"}],"version-history":[{"count":0,"href":"https:\/\/www.europesays.com\/lv\/wp-json\/wp\/v2\/posts\/23298\/revisions"}],"wp:featuredmedia":[{"embeddable":true,"href":"https:\/\/www.europesays.com\/lv\/wp-json\/wp\/v2\/media\/23299"}],"wp:attachment":[{"href":"https:\/\/www.europesays.com\/lv\/wp-json\/wp\/v2\/media?parent=23298"}],"wp:term":[{"taxonomy":"category","embeddable":true,"href":"https:\/\/www.europesays.com\/lv\/wp-json\/wp\/v2\/categories?post=23298"},{"taxonomy":"post_tag","embeddable":true,"href":"https:\/\/www.europesays.com\/lv\/wp-json\/wp\/v2\/tags?post=23298"}],"curies":[{"name":"wp","href":"https:\/\/api.w.org\/{rel}","templated":true}]}}