{"id":23300,"date":"2025-10-17T08:57:07","date_gmt":"2025-10-17T08:57:07","guid":{"rendered":"https:\/\/www.europesays.com\/lv\/23300\/"},"modified":"2025-10-17T08:57:07","modified_gmt":"2025-10-17T08:57:07","slug":"ceturtdien-celu-satiksmes-negadijumos-latvija-cietusi-13-cilveki","status":"publish","type":"post","link":"https:\/\/www.europesays.com\/lv\/23300\/","title":{"rendered":"Ceturtdien ce\u013cu satiksmes negad\u012bjumos Latvij\u0101 cietu\u0161i 13 cilv\u0113ki"},"content":{"rendered":"<p>Vakar devi\u0146i cilv\u0113ki cieta av\u0101rij\u0101s R\u012bgas re\u0123ion\u0101, divi &#8211; Vidzem\u0113, bet pa vienam &#8211; Latgal\u0113 un Zemgal\u0113. \u010cetri no cietu\u0161ajiem bija g\u0101j\u0113ji, bet viens &#8211; velosip\u0113dists.<\/p>\n<p>Par transportl\u012bdzek\u013ca vad\u012b\u0161anu alkohola reibum\u0101 policija vakar aiztur\u0113jusi piecus vad\u012bt\u0101jus &#8211; pa diviem Zemgal\u0113 un Vidzem\u0113 un vienu R\u012bgas re\u0123ion\u0101. Tr\u012bs aiztur\u0113tie vad\u012bt\u0101ji pie transportl\u012bdzek\u013cu st\u016bres bija s\u0113du\u0161ies tik nopietn\u0101 reibum\u0101, ka vi\u0146iem piem\u0113rots krimin\u0101lsods, l\u012bdz ar to konfisc\u0113s transportl\u012bdzekli vai piedz\u012bs transportl\u012bdzek\u013ca v\u0113rt\u012bbu.<\/p>\n<p>Savuk\u0101rt par \u0101truma p\u0101rsnieg\u0161anu autovad\u012bt\u0101jiem vakar noform\u0113ti 239 protokoli: R\u012bgas re\u0123ion\u0101 sod\u012bti vien pieci autovad\u012bt\u0101ji, Vidzem\u0113 &#8211; 74, Kurzem\u0113 &#8211; 69, Latgal\u0113 &#8211; 57, bet Zemgal\u0113 &#8211; 34 transporta l\u012bdzek\u013cu vad\u012bt\u0101ji. Savuk\u0101rt viens vad\u012bt\u0101js sod\u012bts par agres\u012bvu brauk\u0161anu.<\/p>\n<p>Kopum\u0101 policija vakar noform\u0113jusi 505 protokolus par ce\u013cu satiksmes noteikumu p\u0101rk\u0101pumiem.<\/p>\n","protected":false},"excerpt":{"rendered":"Vakar devi\u0146i cilv\u0113ki cieta av\u0101rij\u0101s R\u012bgas re\u0123ion\u0101, divi &#8211; Vidzem\u0113, bet pa vienam &#8211; Latgal\u0113 un Zemgal\u0113. \u010cetri&hellip;\n","protected":false},"author":2,"featured_media":23301,"comment_status":"","ping_status":"","sticky":false,"template":"","format":"standard","meta":{"footnotes":""},"categories":[5],"tags":[23,1465,28,29,32,33,22,30,31,35,39,38,36,37,34,40,20,26,27,24,25,138,21],"class_list":{"0":"post-23300","1":"post","2":"type-post","3":"status-publish","4":"format-standard","5":"has-post-thumbnail","7":"category-aktualitates","8":"tag-aktualitates","9":"tag-autoavarijas","10":"tag-breaking-news","11":"tag-breakingnews","12":"tag-featured-news","13":"tag-featurednews","14":"tag-headlines","15":"tag-latest-news","16":"tag-latestnews","17":"tag-latvia","18":"tag-latvian","19":"tag-latviesu","20":"tag-latviesu-valoda","21":"tag-latviesuvaloda","22":"tag-latvija","23":"tag-lv","24":"tag-news","25":"tag-popularakas-zinas","26":"tag-popularakaszinas","27":"tag-top-stories","28":"tag-topstories","29":"tag-valsts-policija","30":"tag-zinas"},"share_on_mastodon":{"url":"","error":""},"_links":{"self":[{"href":"https:\/\/www.europesays.com\/lv\/wp-json\/wp\/v2\/posts\/23300","targetHints":{"allow":["GET"]}}],"collection":[{"href":"https:\/\/www.europesays.com\/lv\/wp-json\/wp\/v2\/posts"}],"about":[{"href":"https:\/\/www.europesays.com\/lv\/wp-json\/wp\/v2\/types\/post"}],"author":[{"embeddable":true,"href":"https:\/\/www.europesays.com\/lv\/wp-json\/wp\/v2\/users\/2"}],"replies":[{"embeddable":true,"href":"https:\/\/www.europesays.com\/lv\/wp-json\/wp\/v2\/comments?post=23300"}],"version-history":[{"count":0,"href":"https:\/\/www.europesays.com\/lv\/wp-json\/wp\/v2\/posts\/23300\/revisions"}],"wp:featuredmedia":[{"embeddable":true,"href":"https:\/\/www.europesays.com\/lv\/wp-json\/wp\/v2\/media\/23301"}],"wp:attachment":[{"href":"https:\/\/www.europesays.com\/lv\/wp-json\/wp\/v2\/media?parent=23300"}],"wp:term":[{"taxonomy":"category","embeddable":true,"href":"https:\/\/www.europesays.com\/lv\/wp-json\/wp\/v2\/categories?post=23300"},{"taxonomy":"post_tag","embeddable":true,"href":"https:\/\/www.europesays.com\/lv\/wp-json\/wp\/v2\/tags?post=23300"}],"curies":[{"name":"wp","href":"https:\/\/api.w.org\/{rel}","templated":true}]}}