{"id":233262,"date":"2026-06-22T07:53:17","date_gmt":"2026-06-22T07:53:17","guid":{"rendered":"https:\/\/www.europesays.com\/lv\/233262\/"},"modified":"2026-06-22T07:53:17","modified_gmt":"2026-06-22T07:53:17","slug":"horoskops-pirmdienai-22-junijam-apollo-lv","status":"publish","type":"post","link":"https:\/\/www.europesays.com\/lv\/233262\/","title":{"rendered":"Horoskops pirmdienai &#8211; 22. j\u016bnijam &#8211; Apollo.lv"},"content":{"rendered":"<ol>\n<li><a href=\"https:\/\/news.google.com\/rss\/articles\/CBMibkFVX3lxTFA3N2dtV3hQSlU5ckVGeHFZZjNLbTczN1p1b3dxWnVPbnd2QWZYUDNkOWNwWGt5SkpOLVZ2S2FqR3hGd3p5Ni10ZFQwUjVfaHhfSkhYSFdUVVdWT3dUdmdXdU9ycU9hRXZBTjJaMFJ3?oc=5\" target=\"_blank\" rel=\"nofollow noopener\">Horoskops pirmdienai &#8211; 22. j\u016bnijam<\/a>&nbsp;&nbsp;Apollo.lv<\/li>\n<li><a href=\"https:\/\/news.google.com\/rss\/articles\/CBMipAFBVV95cUxPSlRHdUVCdzJDR2xoSU83S0huaU9OWFRSb1BzSklCd0NwWXFzSnJseW94aEdCY3QtSXVDYjREWDBzOG1NbTNmXzNsWkFEZDJoRE9MWGd3SkNCY1cydFpkXzEtQld4UU96OXBTRWJtN2VrUkdKLUhxSktBekxnZjEzOG13VXRlcTgzcklDcFBtZ0dFTnBlQ3pUdjZXSmhTMjFId21LTg?oc=5\" target=\"_blank\" rel=\"nofollow noopener\">Horoskopi no 22. l\u012bdz 28. j\u016bnijam. Ir pien\u0101cis br\u012bdis izk\u0101pt no ierast\u0101s komforta zonas<\/a>&nbsp;&nbsp;LA.LV<\/li>\n<li><a href=\"https:\/\/news.google.com\/rss\/articles\/CBMitwFBVV95cUxPVHpGOHJKalFVY2Y0SmR6bW1LZFV6dThxc2F3NGNIUGJyMXE1Z25aLW9xbFFCUnBKcXJQWGZWTXdyaUhhZVV2SWc5T2hmclNGVjJkb0N4MGF1cTdvQVF5d3RwX3NrWld1Z1ltSzNtU1hHM01VTXZET0RoOTQ3WTZENTBlSVVobGlFRW9VVVFhUFRhYVRRcUNHY0F1SDlFTFcxMjNXcVVNZmo1QUtNMXk4UXZidjI2OVU?oc=5\" target=\"_blank\" rel=\"nofollow noopener\">Volodina iez\u012bm\u0113 6 zodiaka z\u012bmes, kur\u0101m zvaigznes 22. j\u016bnij\u0101 sola pat\u012bkamus pagriezienus<\/a>&nbsp;&nbsp;Dzentlmenis.lv<\/li>\n<li><a href=\"https:\/\/news.google.com\/rss\/articles\/CBMic0FVX3lxTFBIZlI3R05mWmxQbk5XTTJ2N0V2UmZNeHVxaDV6U3FHdk9PcVA1MU9ibkI2TWFIT2d1N3U5NnJMMFhqMVRnRzRqb1phdEhPaGNIajk3OWxqd1RmbDhsSnFLRk9vdTdOUl9NS3JnbXNHNVZaMTQ?oc=5\" target=\"_blank\" rel=\"nofollow noopener\">Str\u0113lniekiem nevajag z\u012bm\u0113ties, bet mali\u0146\u0101 j\u0101pamedit\u0113, \u016adensv\u012briem j\u0101izvair\u0101s no ment\u0101l\u0101m p\u0101rm\u0113r\u012bb\u0101m \u2013 22. j\u016bnija horoskops<\/a>&nbsp;&nbsp;tv3.lv<\/li>\n<li><a href=\"https:\/\/news.google.com\/rss\/articles\/CBMiuwFBVV95cUxQYlRTSi12N3Rad1MybHRWRFRoUm5sZVJFeFZOVjZBOUZMM3JvZXNCNlg1Njl3ZVlzXzQyQXJXMWh4SC1Kakg1QnRiMkZlZ1hKUV9vcURPSzRwc3NqTkw5SGlFNFNRREhxa2wxVHNMNVl6dUhiRVpwT09WU3FxdDJYaE95WlNYX01OOXNIdm9xRWdyNExPN0kwd1pjdXBIbUE2MXBwQ2hMMEY4NnZYUnd1ZzRfY2VRbURHM3Zj?oc=5\" target=\"_blank\" rel=\"nofollow noopener\">Taure\u0146i v\u0113der\u0101 un karjeras izaicin\u0101jumi: Horoskops no 22. j\u016bnija l\u012bdz 1. j\u016blijam<\/a>&nbsp;&nbsp;Santa.lv<\/li>\n<\/ol>\n","protected":false},"excerpt":{"rendered":"Horoskops pirmdienai &#8211; 22. j\u016bnijam&nbsp;&nbsp;Apollo.lv Horoskopi no 22. l\u012bdz 28. j\u016bnijam. Ir pien\u0101cis br\u012bdis izk\u0101pt no ierast\u0101s komforta&hellip;\n","protected":false},"author":2,"featured_media":233263,"comment_status":"","ping_status":"","sticky":false,"template":"","format":"standard","meta":{"footnotes":"","_share_on_mastodon":"0"},"categories":[5],"tags":[23,28,29,1323,32,33,22,760,562,30,31,35,39,38,36,37,34,40,20,26,27,24,25,21],"class_list":["post-233262","post","type-post","status-publish","format-standard","has-post-thumbnail","category-aktualitates","tag-aktualitates","tag-breaking-news","tag-breakingnews","tag-dienas-horoskops","tag-featured-news","tag-featurednews","tag-headlines","tag-horoskopi","tag-horoskops","tag-latest-news","tag-latestnews","tag-latvia","tag-latvian","tag-latviesu","tag-latviesu-valoda","tag-latviesuvaloda","tag-latvija","tag-lv","tag-news","tag-popularakas-zinas","tag-popularakaszinas","tag-top-stories","tag-topstories","tag-zinas"],"share_on_mastodon":{"url":"https:\/\/pubeurope.com\/@lv\/116792682526342059","error":""},"_links":{"self":[{"href":"https:\/\/www.europesays.com\/lv\/wp-json\/wp\/v2\/posts\/233262","targetHints":{"allow":["GET"]}}],"collection":[{"href":"https:\/\/www.europesays.com\/lv\/wp-json\/wp\/v2\/posts"}],"about":[{"href":"https:\/\/www.europesays.com\/lv\/wp-json\/wp\/v2\/types\/post"}],"author":[{"embeddable":true,"href":"https:\/\/www.europesays.com\/lv\/wp-json\/wp\/v2\/users\/2"}],"replies":[{"embeddable":true,"href":"https:\/\/www.europesays.com\/lv\/wp-json\/wp\/v2\/comments?post=233262"}],"version-history":[{"count":0,"href":"https:\/\/www.europesays.com\/lv\/wp-json\/wp\/v2\/posts\/233262\/revisions"}],"wp:featuredmedia":[{"embeddable":true,"href":"https:\/\/www.europesays.com\/lv\/wp-json\/wp\/v2\/media\/233263"}],"wp:attachment":[{"href":"https:\/\/www.europesays.com\/lv\/wp-json\/wp\/v2\/media?parent=233262"}],"wp:term":[{"taxonomy":"category","embeddable":true,"href":"https:\/\/www.europesays.com\/lv\/wp-json\/wp\/v2\/categories?post=233262"},{"taxonomy":"post_tag","embeddable":true,"href":"https:\/\/www.europesays.com\/lv\/wp-json\/wp\/v2\/tags?post=233262"}],"curies":[{"name":"wp","href":"https:\/\/api.w.org\/{rel}","templated":true}]}}