{"id":23350,"date":"2025-10-17T09:46:04","date_gmt":"2025-10-17T09:46:04","guid":{"rendered":"https:\/\/www.europesays.com\/lv\/23350\/"},"modified":"2025-10-17T09:46:04","modified_gmt":"2025-10-17T09:46:04","slug":"top-7-%e2%9f%a9-iedvesmai-tas-noteikti-jaredz-izstade-riga-furniture-interior-2025","status":"publish","type":"post","link":"https:\/\/www.europesays.com\/lv\/23350\/","title":{"rendered":"TOP 7 \u27e9 Iedvesmai \u2013 tas noteikti j\u0101redz izst\u0101d\u0113 \u201cRiga Furniture &#038; Interior 2025\u201d!"},"content":{"rendered":"<p>No 17. l\u012bdz 19. oktobrim izst\u0101\u017eu centrs \u0136\u012bpsal\u0101 p\u0101rv\u0113rties par \u012bstu interjera un dizaina epicentru \u2013 durvis ir v\u0113rusi gada v\u0113rien\u012bg\u0101k\u0101 m\u0113be\u013cu un interjera izst\u0101de \u201cRiga Furniture &amp; Interior 2025\u201d. Tr\u012bs dienu garum\u0101 apmekl\u0113t\u0101ji var kl\u0101tien\u0113 iepaz\u012bt jaun\u0101k\u0101s interjera tendences, iedvesmojo\u0161as un inovat\u012bvas idejas m\u0101jok\u013ca un sabiedrisko telpu iek\u0101rto\u0161an\u0101. No m\u0113bel\u0113m l\u012bdz gaismek\u013ciem, no dekoriem l\u012bdz funkcion\u0101liem dizaina risin\u0101jumiem \u2013 \u0136\u012bpsal\u0101 \u0161obr\u012bd satiekas visi, kuri veido m\u016bsdien\u012bgu vidi.<\/p>\n","protected":false},"excerpt":{"rendered":"No 17. l\u012bdz 19. oktobrim izst\u0101\u017eu centrs \u0136\u012bpsal\u0101 p\u0101rv\u0113rties par \u012bstu interjera un dizaina epicentru \u2013 durvis ir&hellip;\n","protected":false},"author":2,"featured_media":23351,"comment_status":"","ping_status":"","sticky":false,"template":"","format":"standard","meta":{"footnotes":""},"categories":[19],"tags":[63,65,60,89,59,90,70,64,35,39,38,36,37,34,40,68,69,66,67,62,21,61],"class_list":{"0":"post-23350","1":"post","2":"type-post","3":"status-publish","4":"format-standard","5":"has-post-thumbnail","7":"category-izklaide","8":"tag-arvalstis","9":"tag-auto","10":"tag-egoiste","11":"tag-entertainment","12":"tag-financenet","13":"tag-izklaide","14":"tag-klik","15":"tag-kultura","16":"tag-latvia","17":"tag-latvian","18":"tag-latviesu","19":"tag-latviesu-valoda","20":"tag-latviesuvaloda","21":"tag-latvija","22":"tag-lv","23":"tag-maja","24":"tag-receptes","25":"tag-sejas","26":"tag-sports","27":"tag-viedokli","28":"tag-zinas","29":"tag-zinatne"},"share_on_mastodon":{"url":"","error":""},"_links":{"self":[{"href":"https:\/\/www.europesays.com\/lv\/wp-json\/wp\/v2\/posts\/23350","targetHints":{"allow":["GET"]}}],"collection":[{"href":"https:\/\/www.europesays.com\/lv\/wp-json\/wp\/v2\/posts"}],"about":[{"href":"https:\/\/www.europesays.com\/lv\/wp-json\/wp\/v2\/types\/post"}],"author":[{"embeddable":true,"href":"https:\/\/www.europesays.com\/lv\/wp-json\/wp\/v2\/users\/2"}],"replies":[{"embeddable":true,"href":"https:\/\/www.europesays.com\/lv\/wp-json\/wp\/v2\/comments?post=23350"}],"version-history":[{"count":0,"href":"https:\/\/www.europesays.com\/lv\/wp-json\/wp\/v2\/posts\/23350\/revisions"}],"wp:featuredmedia":[{"embeddable":true,"href":"https:\/\/www.europesays.com\/lv\/wp-json\/wp\/v2\/media\/23351"}],"wp:attachment":[{"href":"https:\/\/www.europesays.com\/lv\/wp-json\/wp\/v2\/media?parent=23350"}],"wp:term":[{"taxonomy":"category","embeddable":true,"href":"https:\/\/www.europesays.com\/lv\/wp-json\/wp\/v2\/categories?post=23350"},{"taxonomy":"post_tag","embeddable":true,"href":"https:\/\/www.europesays.com\/lv\/wp-json\/wp\/v2\/tags?post=23350"}],"curies":[{"name":"wp","href":"https:\/\/api.w.org\/{rel}","templated":true}]}}