{"id":23386,"date":"2025-10-17T10:41:07","date_gmt":"2025-10-17T10:41:07","guid":{"rendered":"https:\/\/www.europesays.com\/lv\/23386\/"},"modified":"2025-10-17T10:41:07","modified_gmt":"2025-10-17T10:41:07","slug":"lielbritanijas-premjers-kritize-aston-villa-liegumu-el-speli-apmeklet-izraeliesu-lidzjutejiem-futbols-sportacentrs-com","status":"publish","type":"post","link":"https:\/\/www.europesays.com\/lv\/23386\/","title":{"rendered":"Lielbrit\u0101nijas premjers kritiz\u0113 &#8221;Aston Villa&#8221; liegumu EL sp\u0113li apmekl\u0113t izra\u0113lie\u0161u l\u012bdzjut\u0113jiem \u2013 Futbols \u2013 Sportacentrs.com"},"content":{"rendered":"<p>&#8221;\u0160is ir nepareizs l\u0113mums. Nepie\u013causim antisem\u012btismu m\u016bsu iel\u0101s. Policijas uzdevums ir nodro\u0161in\u0101t, lai visi futbola l\u012bdzjut\u0113ji var\u0113tu baud\u012bt sp\u0113li bez bail\u0113m par iesp\u0113jamu vardarb\u012bbu,&#8221; sav\u0101 &#8221;X.com&#8221; kont\u0101 rakst\u012bja Lielbrit\u0101nijas premjerministrs.<\/p>\n<p>St\u0101rmers \u0161\u0101di rea\u0123\u0113jis uz &#8221;BBC Sport&#8221; zi\u0146u par to, ka Anglijas vien\u012bba Birmingemas &#8221;Aston Villa&#8221; pie\u0146\u0113musi l\u0113mumu Izra\u0113las kluba Telavivas &#8221;Maccabi&#8221; l\u012bdzjut\u0113jiem liegt apmekl\u0113t savstarp\u0113jo klubu c\u012b\u0146u 6. novembr\u012b &#8221;Villa Park&#8221; stadion\u0101 Birmingem\u0101.<\/p>\n<p>&#8221;Aston Villa&#8221; skaidrojusi, ka l\u0113mums pie\u0146emts p\u0113c konsult\u0101cij\u0101m ar Rietummidlendas policiju un sabiedrisk\u0101s dro\u0161\u012bbas padomdev\u0113jiem.<\/p>\n<p>Iepriek\u0161 2024. gada novembr\u012b Amsterdam\u0101 tika arest\u0113ti vair\u0101k nek\u0101 60 cilv\u0113ki p\u0113c viet\u0113j\u0101s &#8221;Ajax&#8221; un Telavivas &#8221;Maccabi&#8221; sp\u0113les, p\u0113c kuras Izra\u0113las kluba l\u012bdzjut\u0113jiem uzbruka Palest\u012bnas atbalst\u012bt\u0101ji.<\/p>\n<blockquote class=\"twitter-tweet\">\n<p lang=\"en\" dir=\"ltr\">This is the wrong decision.<\/p>\n<p>We will not tolerate antisemitism on our streets.<\/p>\n<p>The role of the police is to ensure all football fans can enjoy the game, without fear of violence or intimidation.<a href=\"https:\/\/t.co\/8aBeqE4qbA\" rel=\"nofollow\">https:\/\/t.co\/8aBeqE4qbA<\/a><\/p>\n<p>\u2014 Keir Starmer (@Keir_Starmer) <a href=\"https:\/\/twitter.com\/Keir_Starmer\/status\/1978914187649618400?ref_src=twsrc%5Etfw\" rel=\"nofollow noopener\" target=\"_blank\">October 16, 2025<\/a><\/p><\/blockquote>\n<p>Izmantotie resursi:<br \/><a target=\"_blank\" href=\"https:\/\/www.bbc.com\/sport\/football\/articles\/cy9pjv59w95o\" rel=\"nofollow noopener\">https:\/\/www.bbc.com\/sport\/football\/&#8230;<\/a><\/p>\n<p>                    <script async src=\"https:\/\/platform.twitter.com\/widgets.js\" charset=\"utf-8\"><\/script><\/p>\n","protected":false},"excerpt":{"rendered":"&#8221;\u0160is ir nepareizs l\u0113mums. Nepie\u013causim antisem\u012btismu m\u016bsu iel\u0101s. Policijas uzdevums ir nodro\u0161in\u0101t, lai visi futbola l\u012bdzjut\u0113ji var\u0113tu baud\u012bt&hellip;\n","protected":false},"author":2,"featured_media":23387,"comment_status":"","ping_status":"","sticky":false,"template":"","format":"standard","meta":{"footnotes":""},"categories":[17],"tags":[676,35,39,38,36,37,34,40,67],"class_list":{"0":"post-23386","1":"post","2":"type-post","3":"status-publish","4":"format-standard","5":"has-post-thumbnail","7":"category-sports","8":"tag-futbols","9":"tag-latvia","10":"tag-latvian","11":"tag-latviesu","12":"tag-latviesu-valoda","13":"tag-latviesuvaloda","14":"tag-latvija","15":"tag-lv","16":"tag-sports"},"share_on_mastodon":{"url":"","error":""},"_links":{"self":[{"href":"https:\/\/www.europesays.com\/lv\/wp-json\/wp\/v2\/posts\/23386","targetHints":{"allow":["GET"]}}],"collection":[{"href":"https:\/\/www.europesays.com\/lv\/wp-json\/wp\/v2\/posts"}],"about":[{"href":"https:\/\/www.europesays.com\/lv\/wp-json\/wp\/v2\/types\/post"}],"author":[{"embeddable":true,"href":"https:\/\/www.europesays.com\/lv\/wp-json\/wp\/v2\/users\/2"}],"replies":[{"embeddable":true,"href":"https:\/\/www.europesays.com\/lv\/wp-json\/wp\/v2\/comments?post=23386"}],"version-history":[{"count":0,"href":"https:\/\/www.europesays.com\/lv\/wp-json\/wp\/v2\/posts\/23386\/revisions"}],"wp:featuredmedia":[{"embeddable":true,"href":"https:\/\/www.europesays.com\/lv\/wp-json\/wp\/v2\/media\/23387"}],"wp:attachment":[{"href":"https:\/\/www.europesays.com\/lv\/wp-json\/wp\/v2\/media?parent=23386"}],"wp:term":[{"taxonomy":"category","embeddable":true,"href":"https:\/\/www.europesays.com\/lv\/wp-json\/wp\/v2\/categories?post=23386"},{"taxonomy":"post_tag","embeddable":true,"href":"https:\/\/www.europesays.com\/lv\/wp-json\/wp\/v2\/tags?post=23386"}],"curies":[{"name":"wp","href":"https:\/\/api.w.org\/{rel}","templated":true}]}}