{"id":234182,"date":"2026-06-23T15:23:09","date_gmt":"2026-06-23T15:23:09","guid":{"rendered":"https:\/\/www.europesays.com\/lv\/234182\/"},"modified":"2026-06-23T15:23:09","modified_gmt":"2026-06-23T15:23:09","slug":"ostapenko-otrdien-ar-uzvaru-saka-istbornas-wta-250-turnira-dubultspelu-turniru","status":"publish","type":"post","link":"https:\/\/www.europesays.com\/lv\/234182\/","title":{"rendered":"Ostapenko otrdien ar uzvaru s\u0101ka \u012astbornas &#8220;WTA 250&#8221; turn\u012bra dubultsp\u0113\u013cu turn\u012bru"},"content":{"rendered":"<p>Ar tre\u0161o numuru turn\u012br\u0101 izliktais Latvijas\/ASV duets ar 6-4, 6-3 pieveica starptautisko p\u0101ri Nadja Ki\u010denoka (Ukraina)\/Makoto Ninomija (Jap\u0101na).<\/p>\n<p>Otraj\u0101 k\u0101rt\u0101 <a href=\"https:\/\/www.apollo.lv\/term\/536895\/ostapenko\" class=\"topicLink\" target=\"_blank\" rel=\"nofollow noopener\">Ostapenko<\/a> ar Keninu tiksies ar \u010dehiet\u0113m Jesiku Male\u010dkovu un Miriamu \u0160kohu vai internacion\u0101lo duetu Ingrida Martinsa (Braz\u012blija)\/Sara Sorrivesa Tormo (Sp\u0101nija).<\/p>\n<p>Par uzvaru pirmaj\u0101 k\u0101rt\u0101 Ostapenko nopeln\u012bja 54 pasaules ranga punktus.<\/p>\n<p>Jau zi\u0146ots, ka viensp\u0113l\u0113 Ostapenko, kura <a href=\"https:\/\/www.apollo.lv\/term\/12994\/wta\" class=\"topicLink\" target=\"_blank\" rel=\"nofollow noopener\">WTA<\/a> rang\u0101 atrodas 35. viet\u0101 un sacens\u012bb\u0101s ir izs\u0113ta ar tre\u0161o numuru, ar 6-2, 6-2 p\u0101rsp\u0113ja britu sportisti Fran\u010desku D\u017eonsu (WTA 103.).<\/p>\n<p>Par otr\u0101s k\u0101rtas sasnieg\u0161anu Ostapenko nopeln\u012bja 30 WTA ranga punktus.<\/p>\n<p>Ostapenko otraj\u0101 k\u0101rt\u0101 tiksies Pannu Udvardi (WTA 71.), kura divu Ung\u0101rijas tenisistu ma\u010d\u0101 ar Annu Bondari (WTA 75.) bija vad\u012bb\u0101 ar 7-6 (7:4), 3-2, kad pretiniece c\u012b\u0146u turpin\u0101t nevar\u0113ja.<\/p>\n<p>\u012astbornas sacens\u012bbas z\u0101les seguma kortos beigsies sestdien.<\/p>\n","protected":false},"excerpt":{"rendered":"Ar tre\u0161o numuru turn\u012br\u0101 izliktais Latvijas\/ASV duets ar 6-4, 6-3 pieveica starptautisko p\u0101ri Nadja Ki\u010denoka (Ukraina)\/Makoto Ninomija (Jap\u0101na).&hellip;\n","protected":false},"author":2,"featured_media":234183,"comment_status":"","ping_status":"","sticky":false,"template":"","format":"standard","meta":{"footnotes":"","_share_on_mastodon":"0"},"categories":[5],"tags":[23,680,28,29,32,33,22,2788,30,31,35,39,38,36,37,34,40,20,39914,26,27,941,683,24,25,939,21],"class_list":["post-234182","post","type-post","status-publish","format-standard","has-post-thumbnail","category-aktualitates","tag-aktualitates","tag-alona-ostapenko","tag-breaking-news","tag-breakingnews","tag-featured-news","tag-featurednews","tag-headlines","tag-jelena-ostapenko","tag-latest-news","tag-latestnews","tag-latvia","tag-latvian","tag-latviesu","tag-latviesu-valoda","tag-latviesuvaloda","tag-latvija","tag-lv","tag-news","tag-ostapenko","tag-popularakas-zinas","tag-popularakaszinas","tag-sieviesu-teniss","tag-teniss","tag-top-stories","tag-topstories","tag-wta","tag-zinas"],"share_on_mastodon":{"url":"https:\/\/pubeurope.com\/@lv\/116800114042370155","error":""},"_links":{"self":[{"href":"https:\/\/www.europesays.com\/lv\/wp-json\/wp\/v2\/posts\/234182","targetHints":{"allow":["GET"]}}],"collection":[{"href":"https:\/\/www.europesays.com\/lv\/wp-json\/wp\/v2\/posts"}],"about":[{"href":"https:\/\/www.europesays.com\/lv\/wp-json\/wp\/v2\/types\/post"}],"author":[{"embeddable":true,"href":"https:\/\/www.europesays.com\/lv\/wp-json\/wp\/v2\/users\/2"}],"replies":[{"embeddable":true,"href":"https:\/\/www.europesays.com\/lv\/wp-json\/wp\/v2\/comments?post=234182"}],"version-history":[{"count":0,"href":"https:\/\/www.europesays.com\/lv\/wp-json\/wp\/v2\/posts\/234182\/revisions"}],"wp:featuredmedia":[{"embeddable":true,"href":"https:\/\/www.europesays.com\/lv\/wp-json\/wp\/v2\/media\/234183"}],"wp:attachment":[{"href":"https:\/\/www.europesays.com\/lv\/wp-json\/wp\/v2\/media?parent=234182"}],"wp:term":[{"taxonomy":"category","embeddable":true,"href":"https:\/\/www.europesays.com\/lv\/wp-json\/wp\/v2\/categories?post=234182"},{"taxonomy":"post_tag","embeddable":true,"href":"https:\/\/www.europesays.com\/lv\/wp-json\/wp\/v2\/tags?post=234182"}],"curies":[{"name":"wp","href":"https:\/\/api.w.org\/{rel}","templated":true}]}}