{"id":23421,"date":"2025-10-17T11:07:08","date_gmt":"2025-10-17T11:07:08","guid":{"rendered":"https:\/\/www.europesays.com\/lv\/23421\/"},"modified":"2025-10-17T11:07:08","modified_gmt":"2025-10-17T11:07:08","slug":"video-%e2%9f%a9-ungari-nav-sajusma-par-trampa-un-putina-gaidamo-tiksanos-budapesta","status":"publish","type":"post","link":"https:\/\/www.europesays.com\/lv\/23421\/","title":{"rendered":"VIDEO \u27e9 Ung\u0101ri nav saj\u016bsm\u0101 par Trampa un Putina gaid\u0101mo tik\u0161anos Budape\u0161t\u0101"},"content":{"rendered":"<p>Ung\u0101rijas premjers, pret Putinu alla\u017e labv\u0113l\u012bgi noska\u0146otais Viktors Orb\u0101ns soct\u012bkl\u0101 &#8220;X&#8221; kl\u0101st\u012bja: &#8220;Pl\u0101not\u0101 tik\u0161an\u0101s starp Amerikas un Krievijas prezidentiem ir lieliska zi\u0146a mierm\u012bl\u012bgajiem pasaules cilv\u0113kiem. M\u0113s esam gatavi!&#8221;<\/p>\n<p>Ta\u010du Budape\u0161tas iedz\u012bvot\u0101ju viedoklis nav tik viennoz\u012bm\u012bgs. K\u0101ds pils\u0113tnieks izteic\u0101s, ka abu varasv\u012bru sarunai var\u0113tu b\u016bt liela loma kara izn\u0101kum\u0101. Cits iedz\u012bvot\u0101js ir skarbs un saka, ka Ung\u0101rijai nav t\u0101das ietekmes, lai izvirz\u012btu jebk\u0101dus argumentus. \u201cMums ir premjers, kur\u0161 b\u016bt\u012bb\u0101 p\u016b\u0161 Putina stabul\u0113. God\u012bgi sakot, vi\u0146\u0161 ir Putina pakalpi\u0146\u0161,\u201d vi\u0146\u0161 saka.<\/p>\n<p>Kam\u0113r liel\u0101k\u0101 da\u013ca Eiropas Savien\u012bbas valstu ir pied\u0101v\u0101ju\u0161as Kijivai politisku, finansi\u0101lu un milit\u0101ru atbalstu, <a href=\"https:\/\/www.apollo.lv\/term\/555908\/ungarija\" class=\"topicLink\" target=\"_blank\" rel=\"nofollow noopener\">Ung\u0101rija<\/a> Orb\u0101na vad\u012bb\u0101 r\u012bkojas krasi at\u0161\u0137ir\u012bgi \u2013 atsakoties pieg\u0101d\u0101t Ukrainai iero\u010dus vai at\u013caut to tranz\u012btu caur Ung\u0101rijas teritoriju. T\u0101pat Orb\u0101ns piepras\u012bjis sankciju atcel\u0161anu.<\/p>\n<p>Ukrai\u0146i jau ilg\u0101ku laiku mekl\u0113 iesp\u0113jas sa\u0146emt iero\u010dus, kas \u013cautu uzbrukt dzi\u013c\u0101k agresorvalsts Krievijas teritorij\u0101.<\/p>\n<p>Pla\u0161\u0101k skaties si\u017eet\u0101!<\/p>\n","protected":false},"excerpt":{"rendered":"Ung\u0101rijas premjers, pret Putinu alla\u017e labv\u0113l\u012bgi noska\u0146otais Viktors Orb\u0101ns soct\u012bkl\u0101 &#8220;X&#8221; kl\u0101st\u012bja: &#8220;Pl\u0101not\u0101 tik\u0161an\u0101s starp Amerikas un Krievijas&hellip;\n","protected":false},"author":2,"featured_media":23422,"comment_status":"","ping_status":"","sticky":false,"template":"","format":"standard","meta":{"footnotes":""},"categories":[14],"tags":[23,57,28,29,542,32,33,22,30,31,35,39,38,36,37,34,40,20,26,27,24,25,276,2497,235,54,55,56,21,58],"class_list":{"0":"post-23421","1":"post","2":"type-post","3":"status-publish","4":"format-standard","5":"has-post-thumbnail","7":"category-zinas-no-arvalstim","8":"tag-aktualitates","9":"tag-arvalstim","10":"tag-breaking-news","11":"tag-breakingnews","12":"tag-donalds-tramps","13":"tag-featured-news","14":"tag-featurednews","15":"tag-headlines","16":"tag-latest-news","17":"tag-latestnews","18":"tag-latvia","19":"tag-latvian","20":"tag-latviesu","21":"tag-latviesu-valoda","22":"tag-latviesuvaloda","23":"tag-latvija","24":"tag-lv","25":"tag-news","26":"tag-popularakas-zinas","27":"tag-popularakaszinas","28":"tag-top-stories","29":"tag-topstories","30":"tag-ukraina","31":"tag-ungarija","32":"tag-vladimirs-putins","33":"tag-world","34":"tag-world-news","35":"tag-worldnews","36":"tag-zinas","37":"tag-zinas-no-arvalstim"},"share_on_mastodon":{"url":"","error":""},"_links":{"self":[{"href":"https:\/\/www.europesays.com\/lv\/wp-json\/wp\/v2\/posts\/23421","targetHints":{"allow":["GET"]}}],"collection":[{"href":"https:\/\/www.europesays.com\/lv\/wp-json\/wp\/v2\/posts"}],"about":[{"href":"https:\/\/www.europesays.com\/lv\/wp-json\/wp\/v2\/types\/post"}],"author":[{"embeddable":true,"href":"https:\/\/www.europesays.com\/lv\/wp-json\/wp\/v2\/users\/2"}],"replies":[{"embeddable":true,"href":"https:\/\/www.europesays.com\/lv\/wp-json\/wp\/v2\/comments?post=23421"}],"version-history":[{"count":0,"href":"https:\/\/www.europesays.com\/lv\/wp-json\/wp\/v2\/posts\/23421\/revisions"}],"wp:featuredmedia":[{"embeddable":true,"href":"https:\/\/www.europesays.com\/lv\/wp-json\/wp\/v2\/media\/23422"}],"wp:attachment":[{"href":"https:\/\/www.europesays.com\/lv\/wp-json\/wp\/v2\/media?parent=23421"}],"wp:term":[{"taxonomy":"category","embeddable":true,"href":"https:\/\/www.europesays.com\/lv\/wp-json\/wp\/v2\/categories?post=23421"},{"taxonomy":"post_tag","embeddable":true,"href":"https:\/\/www.europesays.com\/lv\/wp-json\/wp\/v2\/tags?post=23421"}],"curies":[{"name":"wp","href":"https:\/\/api.w.org\/{rel}","templated":true}]}}