{"id":23442,"date":"2025-10-17T11:34:08","date_gmt":"2025-10-17T11:34:08","guid":{"rendered":"https:\/\/www.europesays.com\/lv\/23442\/"},"modified":"2025-10-17T11:34:08","modified_gmt":"2025-10-17T11:34:08","slug":"krievi-veikusi-masivu-triecienu-krivijrihai","status":"publish","type":"post","link":"https:\/\/www.europesays.com\/lv\/23442\/","title":{"rendered":"Krievi veiku\u0161i mas\u012bvu triecienu Krivijrihai"},"content":{"rendered":"<p>&#8220;Dronu vilnis veica triecienu Krivijrihai, civilajai infrastrukt\u016brai. V\u0113l desmiti trieciendronu bija debes\u012bs. Fiks\u0113tas ar\u012b ra\u0137etes,&#8221; platform\u0101 &#8220;Telegram&#8221; pauda Zelenskis.<\/p>\n<p>Krivijriha ir Zelenska dzimt\u0101 pils\u0113ta.<\/p>\n<p>&#8220;\u0160aj\u0101s ned\u0113\u013c\u0101s faktiski nebija nevienas nakts bez Krievijas triecieniem Ukrainai,&#8221; nor\u0101d\u012bja prezidents.<\/p>\n<p>Liel\u0101k\u0101 da\u013ca triecienu v\u0113rsti pret infrastrukt\u016bru. Runa ir par &#8220;sist\u0113misku teroru pret ener\u0123\u0113tikas nozari&#8221;, pauda Zelenskis.<\/p>\n<p>Debes\u012bs virs Krivijrihai notriekti 22 droni, pav\u0113st\u012bja pils\u0113tas aizsardz\u012bbas padomes vad\u012bt\u0101js Oleksandrs Vilkuls.<\/p>\n<p>Vair\u0101k nek\u0101 desmit tr\u0101p\u012bjumu rezult\u0101t\u0101 izc\u0113l\u0101s ugunsgr\u0113ki, tom\u0113r tie jau ir likvid\u0113ti, piebilda Vilkuls.<\/p>\n<p>Neviens nav ievainots, nor\u0101d\u012bja amatpersona.<\/p>\n<p>D\u0146ipropetrovskas apgabal\u0101 \u0145ikopolei un Pokrovskas rajonam tika uzbrukts, izmantojot smago artil\u0113riju un dronus. Ievainotas 69 un 89 gadus vecas sievietes. Nodar\u012bti post\u012bjumi trim daudzdz\u012bvok\u013cu m\u0101j\u0101m, \u010detr\u0101m priv\u0101tm\u0101j\u0101m, cietu\u0161as tr\u012bs automa\u0161\u012bnas.<\/p>\n<p>&#8220;Dro\u0161\u012bbu var garant\u0113t, ja viss, par ko m\u0113s vienojamies, ar\u012b Va\u0161ington\u0101, tiks \u012bstenots,&#8221; uzsv\u0113ra Zelenskis.<\/p>\n<p>&#8220;Krievija b\u016bs spiesta p\u0101rtraukt karu, kad vairs nesp\u0113s to turpin\u0101t,&#8221; vi\u0146\u0161 rezum\u0113ja.<\/p>\n<p>Ukrainas prezidents ceturtdienas vakar\u0101 ierad\u0101s viz\u012bt\u0113 ASV.<\/p>\n<p>Zelenskis tiksies ar ASV prezidentu Donaldu Trampu, ASV aizsardz\u012bbas un ener\u0123\u0113tikas uz\u0146\u0113mumu p\u0101rst\u0101vjiem.<\/p>\n","protected":false},"excerpt":{"rendered":"&#8220;Dronu vilnis veica triecienu Krivijrihai, civilajai infrastrukt\u016brai. V\u0113l desmiti trieciendronu bija debes\u012bs. Fiks\u0113tas ar\u012b ra\u0137etes,&#8221; platform\u0101 &#8220;Telegram&#8221; pauda&hellip;\n","protected":false},"author":2,"featured_media":23443,"comment_status":"","ping_status":"","sticky":false,"template":"","format":"standard","meta":{"footnotes":""},"categories":[5],"tags":[23,28,29,32,33,22,234,74,30,31,35,39,38,36,37,34,40,20,26,27,24,25,276,178,21],"class_list":{"0":"post-23442","1":"post","2":"type-post","3":"status-publish","4":"format-standard","5":"has-post-thumbnail","7":"category-aktualitates","8":"tag-aktualitates","9":"tag-breaking-news","10":"tag-breakingnews","11":"tag-featured-news","12":"tag-featurednews","13":"tag-headlines","14":"tag-krievija","15":"tag-krievijas-iebrukums-ukraina","16":"tag-latest-news","17":"tag-latestnews","18":"tag-latvia","19":"tag-latvian","20":"tag-latviesu","21":"tag-latviesu-valoda","22":"tag-latviesuvaloda","23":"tag-latvija","24":"tag-lv","25":"tag-news","26":"tag-popularakas-zinas","27":"tag-popularakaszinas","28":"tag-top-stories","29":"tag-topstories","30":"tag-ukraina","31":"tag-volodimirs-zelenskis","32":"tag-zinas"},"share_on_mastodon":{"url":"","error":""},"_links":{"self":[{"href":"https:\/\/www.europesays.com\/lv\/wp-json\/wp\/v2\/posts\/23442","targetHints":{"allow":["GET"]}}],"collection":[{"href":"https:\/\/www.europesays.com\/lv\/wp-json\/wp\/v2\/posts"}],"about":[{"href":"https:\/\/www.europesays.com\/lv\/wp-json\/wp\/v2\/types\/post"}],"author":[{"embeddable":true,"href":"https:\/\/www.europesays.com\/lv\/wp-json\/wp\/v2\/users\/2"}],"replies":[{"embeddable":true,"href":"https:\/\/www.europesays.com\/lv\/wp-json\/wp\/v2\/comments?post=23442"}],"version-history":[{"count":0,"href":"https:\/\/www.europesays.com\/lv\/wp-json\/wp\/v2\/posts\/23442\/revisions"}],"wp:featuredmedia":[{"embeddable":true,"href":"https:\/\/www.europesays.com\/lv\/wp-json\/wp\/v2\/media\/23443"}],"wp:attachment":[{"href":"https:\/\/www.europesays.com\/lv\/wp-json\/wp\/v2\/media?parent=23442"}],"wp:term":[{"taxonomy":"category","embeddable":true,"href":"https:\/\/www.europesays.com\/lv\/wp-json\/wp\/v2\/categories?post=23442"},{"taxonomy":"post_tag","embeddable":true,"href":"https:\/\/www.europesays.com\/lv\/wp-json\/wp\/v2\/tags?post=23442"}],"curies":[{"name":"wp","href":"https:\/\/api.w.org\/{rel}","templated":true}]}}