{"id":23464,"date":"2025-10-17T11:54:08","date_gmt":"2025-10-17T11:54:08","guid":{"rendered":"https:\/\/www.europesays.com\/lv\/23464\/"},"modified":"2025-10-17T11:54:08","modified_gmt":"2025-10-17T11:54:08","slug":"f-1-cempionu-titula-pretendenti-spiesti-risinat-neertu-temu","status":"publish","type":"post","link":"https:\/\/www.europesays.com\/lv\/23464\/","title":{"rendered":"F-1 \u010dempionu titula pretendenti spiesti risin\u0101t ne\u0113rtu t\u0113mu"},"content":{"rendered":"<p>Pirms ASV &#8220;Grand Prix&#8221; izc\u012b\u0146as Ostinas tras\u0113 abi &#8220;<a rel=\"noopener nofollow\" target=\"_blank\" href=\"https:\/\/www.delfi.lv\/temas\/39901657\/mclaren\" tag-id=\"39901657\">McLaren<\/a>&#8221; piloti un galvenie pretendenti uz F-1 \u010dempionu titulu <a rel=\"noopener nofollow\" target=\"_blank\" href=\"https:\/\/www.delfi.lv\/temas\/56420152\/lando-noriss\" tag-id=\"56420152\">Lando Noriss<\/a> un <a rel=\"noopener nofollow\" target=\"_blank\" href=\"https:\/\/www.delfi.lv\/temas\/56420151\/oskars-piastri\" tag-id=\"56420151\">Oskars Piastri<\/a> spiesti risin\u0101t ne\u0113rtu t\u0113mu \u2013 savstarp\u0113jo sadursmi Singap\u016bras posma pirmajos pagriezienos, kas ietekm\u0113ja komandas iek\u0161\u0113jo klimatu, raksta BBC.<\/p>\n<p>Lai ar\u012b Noriss fini\u0161\u0113ja tre\u0161ais un Piastri \u2013 ceturtais, sadursme starp abiem oran\u017eajiem auto tre\u0161aj\u0101 l\u012bkum\u0101 nav palikusi bez sek\u0101m, neraugoties uz to, ka &#8220;McLaren&#8221; \u0161aj\u0101 posm\u0101 nodro\u0161in\u0101ja Konstruktoru kausu.<\/p>\n<p>Noriss Singap\u016bras posma start\u0101 nedaudz piesk\u0101r\u0101s &#8220;<a rel=\"noopener nofollow\" target=\"_blank\" href=\"https:\/\/www.delfi.lv\/temas\/40072627\/red-bull\" tag-id=\"40072627\">Red Bull<\/a>&#8221; pilota Maksa Verstapena auto aizmugurei, bet tam sekoja kontakts ar Piastri ma\u0161\u012bnu. Lai ar\u012b Piastri izvair\u012bj\u0101s no ietriek\u0161an\u0101s trases sien\u0101, komanda nav \u0161o incidentu nepaslauc\u012bja zem pakl\u0101ja.<\/p>\n<p>&#8220;Komanda mani tur\u0113ja atbild\u012bgu par notiku\u0161o, kas, manupr\u0101t, ir god\u012bgi,&#8221; sac\u012bja Noriss. &#8220;M\u0113s vienoj\u0101mies par sek\u0101m, lai izvair\u012btos no v\u0113l slikt\u0101ka scen\u0101rija n\u0101kotn\u0113.&#8221;<\/p>\n<p>Ne vi\u0146\u0161, ne &#8220;McLaren&#8221; neatkl\u0101ja, k\u0101das konkr\u0113ti b\u016bs \u0161\u012bs &#8220;sekas&#8221;, tom\u0113r skaidri tiek nor\u0101d\u012bts, ka \u0161\u0101ds incidents starp komandas biedriem nevar notikt.<\/p>\n<p>&#8220;Es nev\u0113los rad\u012bt \u0161\u0101das diskusijas p\u0113c fini\u0161a. Es risk\u0113ju gan ar savu izst\u0101\u0161anos, gan ar Oskara izsl\u0113g\u0161anu no sp\u0113les. T\u0101p\u0113c \u2013 j\u0101, tas ir j\u0101izsl\u0113dz,&#8221; turpin\u0101ja Noriss.<\/p>\n<p>Piastri p\u0113c incidenta pa komandas radio nesl\u0113pa savu sa\u0161utumu un jaut\u0101ja: &#8220;Vai komanda ir mier\u0101, ka Lando mani izstumj no trases?&#8221; Reakcijas no boksiem nebija, un neviens sods sac\u012bkstes laik\u0101 netika piem\u0113rots.<\/p>\n<p>Tagad Piastri cen\u0161as mazin\u0101t spriedzi, ta\u010du joproj\u0101m nor\u0101da savu stingto poz\u012bciju \u0161aj\u0101 jaut\u0101jum\u0101. &#8220;Tas nav veids, k\u0101 m\u0113s gribam sacensties,&#8221; vi\u0146\u0161 teica Ostin\u0101. &#8220;Lando un komanda uz\u0146\u0113m\u0101s atbild\u012bbu.&#8221;<\/p>\n<p>&#8220;McLaren&#8221; jau gadiem uztur vienu pamatprincipu \u2013 komandas biedri nedr\u012bkst izsl\u0113gt viens otru no sac\u012bkstes.<\/p>\n<p>Noriss atzina, ka komanda nev\u0113las non\u0101kt \u0161\u0101d\u0101s situ\u0101cij\u0101s. &#8220;\u0160\u0101di gad\u012bjumi vienm\u0113r rada probl\u0113mas. Tas nav labi.&#8221;<\/p>\n<p>Vi\u0146\u0161 ar\u012b uzsv\u0113ra, ka savstarp\u0113j\u0101 uztic\u012bba ir bijusi &#8220;McLaren&#8221; pan\u0101kumu pamat\u0101, jo ir izstr\u0101d\u0101tas skaidras vadl\u012bnijas, kas pilotiem \u013cauj uztic\u0113ties komandai un viens otram.<\/p>\n<p>Vair\u0101kos autosporta medijos izskan\u0113ja versija, ka, iesp\u0113jams, &#8220;McLaren&#8221; komanda vair\u0101k atbalsta Norisu c\u012b\u0146\u0101 par brauc\u0113ju \u010dempionu titulu, tom\u0113r Piastri to noraid\u012bja un uzst\u0101ja, ka \u0161obr\u012bd nav t\u0101 pamata dom\u0101t.<\/p>\n<p>Piastri \u0161obr\u012bd apsteidz Norisu par 22 punktiem, un l\u012bdz sezonas beig\u0101m paliku\u0161as se\u0161as sac\u012bkstes.<\/p>\n<p class=\"m-0\">Seko &#8220;Delfi&#8221; ar\u012b  <a target=\"_blank\" href=\"https:\/\/www.instagram.com\/delfi.lv\/\" rel=\"nofollow noopener\">Instagram<\/a>  un <a target=\"_blank\" href=\"https:\/\/www.youtube.com\/channel\/UCw5foWtcJvAbUm64rv7jwUQ\" rel=\"nofollow noopener\">YouTube<\/a>  profil\u0101 \u2013 pievienojies, lai uzzin\u0101tu svar\u012bg\u0101ko un interesant\u0101ko pirmais!<\/p>\n<p>Publik\u0101cijas saturs vai t\u0101s jebk\u0101da apjoma da\u013ca ir aizsarg\u0101ts autorties\u012bbu objekts Autorties\u012bbu likuma izpratn\u0113, un t\u0101 izmanto\u0161ana bez izdev\u0113ja at\u013caujas ir aizliegta. Vair\u0101k lasi  <a target=\"_blank\" href=\"https:\/\/www.delfi.lv\/noteikumi#autortiesibas\" rel=\"nofollow noopener\">\u0161eit<\/a><script async src=\"\/\/www.instagram.com\/embed.js\"><\/script><\/p>\n","protected":false},"excerpt":{"rendered":"Pirms ASV &#8220;Grand Prix&#8221; izc\u012b\u0146as Ostinas tras\u0113 abi &#8220;McLaren&#8221; piloti un galvenie pretendenti uz F-1 \u010dempionu titulu Lando&hellip;\n","protected":false},"author":2,"featured_media":23465,"comment_status":"","ping_status":"","sticky":false,"template":"","format":"standard","meta":{"footnotes":""},"categories":[17],"tags":[7283,35,39,38,36,37,34,40,4420,7282,4177,67],"class_list":{"0":"post-23464","1":"post","2":"type-post","3":"status-publish","4":"format-standard","5":"has-post-thumbnail","7":"category-sports","8":"tag-lando-noriss","9":"tag-latvia","10":"tag-latvian","11":"tag-latviesu","12":"tag-latviesu-valoda","13":"tag-latviesuvaloda","14":"tag-latvija","15":"tag-lv","16":"tag-mclaren","17":"tag-oskars-piastri","18":"tag-red-bull","19":"tag-sports"},"share_on_mastodon":{"url":"","error":""},"_links":{"self":[{"href":"https:\/\/www.europesays.com\/lv\/wp-json\/wp\/v2\/posts\/23464","targetHints":{"allow":["GET"]}}],"collection":[{"href":"https:\/\/www.europesays.com\/lv\/wp-json\/wp\/v2\/posts"}],"about":[{"href":"https:\/\/www.europesays.com\/lv\/wp-json\/wp\/v2\/types\/post"}],"author":[{"embeddable":true,"href":"https:\/\/www.europesays.com\/lv\/wp-json\/wp\/v2\/users\/2"}],"replies":[{"embeddable":true,"href":"https:\/\/www.europesays.com\/lv\/wp-json\/wp\/v2\/comments?post=23464"}],"version-history":[{"count":0,"href":"https:\/\/www.europesays.com\/lv\/wp-json\/wp\/v2\/posts\/23464\/revisions"}],"wp:featuredmedia":[{"embeddable":true,"href":"https:\/\/www.europesays.com\/lv\/wp-json\/wp\/v2\/media\/23465"}],"wp:attachment":[{"href":"https:\/\/www.europesays.com\/lv\/wp-json\/wp\/v2\/media?parent=23464"}],"wp:term":[{"taxonomy":"category","embeddable":true,"href":"https:\/\/www.europesays.com\/lv\/wp-json\/wp\/v2\/categories?post=23464"},{"taxonomy":"post_tag","embeddable":true,"href":"https:\/\/www.europesays.com\/lv\/wp-json\/wp\/v2\/tags?post=23464"}],"curies":[{"name":"wp","href":"https:\/\/api.w.org\/{rel}","templated":true}]}}