{"id":23475,"date":"2025-10-17T12:24:12","date_gmt":"2025-10-17T12:24:12","guid":{"rendered":"https:\/\/www.europesays.com\/lv\/23475\/"},"modified":"2025-10-17T12:24:12","modified_gmt":"2025-10-17T12:24:12","slug":"mazliet-veseligas-pazemibas-porzingis-zaudejumu-sauc-par-vertigu-macibu-stundu","status":"publish","type":"post","link":"https:\/\/www.europesays.com\/lv\/23475\/","title":{"rendered":"&#8220;Mazliet vesel\u012bgas pazem\u012bbas&#8221; \u2013 Porzi\u0146\u0123is zaud\u0113jumu sauc par v\u0113rt\u012bgu m\u0101c\u012bbu stundu"},"content":{"rendered":"<p><a rel=\"noopener nofollow\" target=\"_blank\" href=\"https:\/\/www.delfi.lv\/temas\/44374559\/kristaps-porzingis\" tag-id=\"44374559\">Kristaps Porzi\u0146\u0123is<\/a> gatavojas savai pirmajai sezonai Nacion\u0101l\u0101s basketbola asoci\u0101cijas (<a rel=\"noopener nofollow\" target=\"_blank\" href=\"https:\/\/www.delfi.lv\/temas\/35299954\/nba\" tag-id=\"35299954\">NBA<\/a>) klub\u0101 Atlantas &#8220;Hawks&#8221;, un piedz\u012bvoto graujo\u0161o zaud\u0113jumu ceturtdien Hj\u016bstonas &#8220;Rockets&#8221; komandai vi\u0146\u0161 uztv\u0113ra k\u0101 v\u0113rt\u012bgu m\u0101c\u012bbu.<\/p>\n<p>Jau v\u0113st\u012bts, ka Porzi\u0146\u0123is p\u0101rbaudes sp\u0113l\u0113 izc\u0113l\u0101s ar &#8220;double-double&#8221;, g\u016bstot 23 punktus un izc\u012bnot 13 atl\u0113ku\u0161\u0101s bumbas, bet Atlantas &#8220;Hawks&#8221; <a rel=\"noopener follow nofollow\" target=\"_blank\" href=\"https:\/\/www.delfi.lv\/sports\/17012608\/basketbols\/120091561\/porzingis-gatavosanos-nba-sezonai-turpina-ar-rezultativu-double-double\" data-rel-date-range=\"[]\">ar rezult\u0101tu 115:133 zaud\u0113ja<\/a> Hj\u016bstonas &#8220;Rockets&#8221;. Porzi\u0146\u0123is p\u0113csp\u0113les preses konferenc\u0113 nor\u0101d\u012bja, ka \u0161is zaud\u0113jums var\u0113tu izr\u0101d\u012bties \u013coti v\u0113rt\u012bgs.<\/p>\n<p>&#8220;Es dom\u0101ju, ka m\u0113s izg\u0101j\u0101m laukum\u0101 ne tik asi, k\u0101 vajadz\u0113ja. Gaid\u012bj\u0101m, ka &#8220;Rockets&#8221; sp\u0113l\u0113s ar pilnu sast\u0101vu, bet t\u0101 nenotika. \u0160\u0101di ma\u010di ir b\u012bstami, jo vari neiziet laukum\u0101 ar pareizo dom\u0101\u0161anu, un tas ar mums \u0161odien notika,&#8221; skaidroja Porzi\u0146\u0123is.<\/p>\n<p>Vi\u0146\u0161 nenoliedza, ka komanda pati sev sare\u017e\u0123\u012bja situ\u0101ciju: &#8220;Bij\u0101m ne l\u012bdz galam piesl\u0113gu\u0161ies, bija p\u0101rpratumi, nebija ide\u0101las ener\u0123ijas vair\u0101k\u0101s epizod\u0113s, un rezult\u0101ts ir t\u0101ds, k\u0101ds ir.&#8221;<\/p>\n<p>Tom\u0113r latvietis \u0161o neveiksmi nesauc par katastrofu, jo komandai j\u0101b\u016bt gatavai uz sezonas s\u0101kumu, nevis p\u0101rbaudes sp\u0113l\u0113m. &#8220;Pirms sezonas \u0161\u0101da sp\u0113le nav slikta \u2013 mazliet vesel\u012bgas pazem\u012bbas. M\u0113s gribam par\u0101d\u012bt savu lab\u0101ko jau no 22. oktobra.&#8221;<\/p>\n<p>Porzi\u0146\u0123is pozit\u012bvi v\u0113rt\u0113ja iesp\u0113ju pavad\u012bt vair\u0101k laika laukum\u0101 kop\u0101 ar sasp\u0113les vad\u012bt\u0101ju Treju Jangu, \u012bpa\u0161i situ\u0101cij\u0101s ar diviem garajiem sp\u0113l\u0113t\u0101jiem.<\/p>\n<p>&#8220;Bija labi, ka mums bija vair\u0101k laika kop\u0101. Ir lietas, kur b\u016bs mazas korekcijas \u2013 m\u0113s ar Treju par to jau run\u0101j\u0101m. Kad laukum\u0101 ir divi garie sp\u0113l\u0113t\u0101ji, j\u0101izmanto kombin\u0101cijas, kur\u0101s varb\u016bt nevajag skriet, bet citas, kuras b\u016bs \u013coti efekt\u012bvas,&#8221; saka Porzi\u0146\u0123is.<\/p>\n<p>&#8220;Ar diviem garajiem sp\u0113l\u0113t\u0101jiem b\u016bsim lab\u0101ki c\u012b\u0146\u0101 zem groziem un ap grozu kopum\u0101. Tas j\u0101izmanto,&#8221; vi\u0146\u0161 turpin\u0101ja.<\/p>\n<p>Porzi\u0146\u0123is negaid\u012bja, ka nosp\u0113l\u0113s visu tre\u0161o ceturtda\u013cu kop\u0101 ar Jangu, Nikeilu Aleksandru-Volkeru un Onjeku Okongvu, ta\u010du tam bijis savs pluss.<\/p>\n<p>&#8220;God\u012bgi sakot, negaid\u012bju, ka nosp\u0113l\u0113sim visu ceturtda\u013cu, bet t\u0101 sp\u0113le iegroz\u012bj\u0101s. Ar Treju bija p\u0101ris labas epizodes, un tas mani priec\u0113ja. \u0136\u012bmiju mums j\u0101att\u012bsta, izm\u0113\u0123in\u0101j\u0101m lietas, ko sezonas laik\u0101 var\u0113tu izmantot,&#8221; sac\u012bja Porzi\u0146\u0123is.<\/p>\n<p>Liep\u0101jnieks uzsv\u0113ra, ka, neskatoties uz rezult\u0101tu, bija lietas, ko &#8220;Hawks&#8221; var pa\u0146emt k\u0101 m\u0101c\u012bbu. &#8220;Protams, m\u0113s negribam sp\u0113l\u0113t \u0161\u0101di,&#8221; uzsv\u0113ra Porzi\u0146\u0123is, cerot, ka sezonas pirmaj\u0101 ofici\u0101laj\u0101 ma\u010d\u0101 izdosies iziet laukum\u0101 ar asumu.<\/p>\n<p>Atbildot uz jaut\u0101jumu par savu lomu mai\u0146u aizsardz\u012bb\u0101 un uzbrukuma ritma atra\u0161an\u0101, Porzi\u0146\u0123is uzsv\u0113ra, ka komandai v\u0113l j\u0101atrod l\u012bdzsvars.<\/p>\n<p>&#8220;\u0160odien mums bija p\u0101r\u0101k daudz k\u013c\u016bdu. M\u0113\u0123in\u0101j\u0101m viens otram izdar\u012bt pareizo piesp\u0113li, bet da\u017ereiz vienk\u0101r\u0161i j\u0101saglab\u0101 bumba. Da\u017eas k\u013c\u016bdas bija ar\u012b bez spiediena. Mums j\u0101b\u016bt gudriem, j\u0101sp\u0113j atrast vienam otru atrast \u012bstaj\u0101s viet\u0101s, nesteigties, bet ar\u012b nevilcin\u0101ties. Tas l\u012bdzsvars mums v\u0113l j\u0101atrod,&#8221; teica Porzi\u0146\u0123is.<\/p>\n<p class=\"m-0\">Seko &#8220;Delfi&#8221; ar\u012b  <a target=\"_blank\" href=\"https:\/\/www.instagram.com\/delfi.lv\/\" rel=\"nofollow noopener\">Instagram<\/a>  un <a target=\"_blank\" href=\"https:\/\/www.youtube.com\/channel\/UCw5foWtcJvAbUm64rv7jwUQ\" rel=\"nofollow noopener\">YouTube<\/a>  profil\u0101 \u2013 pievienojies, lai uzzin\u0101tu svar\u012bg\u0101ko un interesant\u0101ko pirmais!<\/p>\n<p>Publik\u0101cijas saturs vai t\u0101s jebk\u0101da apjoma da\u013ca ir aizsarg\u0101ts autorties\u012bbu objekts Autorties\u012bbu likuma izpratn\u0113, un t\u0101 izmanto\u0161ana bez izdev\u0113ja at\u013caujas ir aizliegta. Vair\u0101k lasi  <a target=\"_blank\" href=\"https:\/\/www.delfi.lv\/noteikumi#autortiesibas\" rel=\"nofollow noopener\">\u0161eit<\/a><script async src=\"\/\/www.instagram.com\/embed.js\"><\/script><\/p>\n","protected":false},"excerpt":{"rendered":"Kristaps Porzi\u0146\u0123is gatavojas savai pirmajai sezonai Nacion\u0101l\u0101s basketbola asoci\u0101cijas (NBA) klub\u0101 Atlantas &#8220;Hawks&#8221;, un piedz\u012bvoto graujo\u0161o zaud\u0113jumu ceturtdien&hellip;\n","protected":false},"author":2,"featured_media":23476,"comment_status":"","ping_status":"","sticky":false,"template":"","format":"standard","meta":{"footnotes":""},"categories":[17],"tags":[6877,1260,35,39,38,36,37,34,40,1258,67],"class_list":{"0":"post-23475","1":"post","2":"type-post","3":"status-publish","4":"format-standard","5":"has-post-thumbnail","7":"category-sports","8":"tag-hawks-atlanta","9":"tag-kristaps-porzingis","10":"tag-latvia","11":"tag-latvian","12":"tag-latviesu","13":"tag-latviesu-valoda","14":"tag-latviesuvaloda","15":"tag-latvija","16":"tag-lv","17":"tag-nba","18":"tag-sports"},"share_on_mastodon":{"url":"","error":""},"_links":{"self":[{"href":"https:\/\/www.europesays.com\/lv\/wp-json\/wp\/v2\/posts\/23475","targetHints":{"allow":["GET"]}}],"collection":[{"href":"https:\/\/www.europesays.com\/lv\/wp-json\/wp\/v2\/posts"}],"about":[{"href":"https:\/\/www.europesays.com\/lv\/wp-json\/wp\/v2\/types\/post"}],"author":[{"embeddable":true,"href":"https:\/\/www.europesays.com\/lv\/wp-json\/wp\/v2\/users\/2"}],"replies":[{"embeddable":true,"href":"https:\/\/www.europesays.com\/lv\/wp-json\/wp\/v2\/comments?post=23475"}],"version-history":[{"count":0,"href":"https:\/\/www.europesays.com\/lv\/wp-json\/wp\/v2\/posts\/23475\/revisions"}],"wp:featuredmedia":[{"embeddable":true,"href":"https:\/\/www.europesays.com\/lv\/wp-json\/wp\/v2\/media\/23476"}],"wp:attachment":[{"href":"https:\/\/www.europesays.com\/lv\/wp-json\/wp\/v2\/media?parent=23475"}],"wp:term":[{"taxonomy":"category","embeddable":true,"href":"https:\/\/www.europesays.com\/lv\/wp-json\/wp\/v2\/categories?post=23475"},{"taxonomy":"post_tag","embeddable":true,"href":"https:\/\/www.europesays.com\/lv\/wp-json\/wp\/v2\/tags?post=23475"}],"curies":[{"name":"wp","href":"https:\/\/api.w.org\/{rel}","templated":true}]}}