{"id":234843,"date":"2026-06-24T18:18:17","date_gmt":"2026-06-24T18:18:17","guid":{"rendered":"https:\/\/www.europesays.com\/lv\/234843\/"},"modified":"2026-06-24T18:18:17","modified_gmt":"2026-06-24T18:18:17","slug":"ostapenko-ieklust-istbornas-wta-250-turnira-ceturtdalfinala","status":"publish","type":"post","link":"https:\/\/www.europesays.com\/lv\/234843\/","title":{"rendered":"Ostapenko iek\u013c\u016bst \u012astbornas &#8220;WTA 250&#8221; turn\u012bra ceturtda\u013cfin\u0101l\u0101"},"content":{"rendered":"<p><a href=\"https:\/\/www.apollo.lv\/term\/536895\/ostapenko\" class=\"topicLink\" target=\"_blank\" rel=\"nofollow noopener\">Ostapenko<\/a>, kura <a href=\"https:\/\/www.apollo.lv\/term\/12994\/wta\" class=\"topicLink\" target=\"_blank\" rel=\"nofollow noopener\">WTA<\/a> rang\u0101 atrodas 35. viet\u0101 un sacens\u012bb\u0101s ir izs\u0113ta ar tre\u0161o numuru, otraj\u0101 k\u0101rt\u0101 ar rezult\u0101tu 3-6, 6-1, 6-2 uzvar\u0113ja Ung\u0101rijas sportisti Pannu Udvardi (WTA 71.).<\/p>\n<p>Ceturtda\u013cfin\u0101la sasnieg\u0161ana dod 54 WTA ranga punktus.<\/p>\n<p>Ostapenko ceturtda\u013cfin\u0101l\u0101 tiksies ar Turcijas tenisisti Zejnepu Sonmezu (WTA 54.) vai \u010dehieti S\u0101ru Bejleku (WTA 45.).<\/p>\n<p>Pirmaj\u0101 k\u0101rt\u0101 Ostapenko ar 6-2, 6-2 p\u0101rsp\u0113ja britu sportisti Fran\u010desku D\u017eonsu (WTA 103.), bet Udvardi divu Ung\u0101rijas tenisistu ma\u010d\u0101 ar Annu Bondari (WTA 75.) bija vad\u012bb\u0101 ar 7-6 (7:4), 3-2, kad pretiniece c\u012b\u0146u turpin\u0101t nevar\u0113ja.<\/p>\n<p>Abas tenisistes iepriek\u0161 kort\u0101 nebija tiku\u0161\u0101s.<\/p>\n<p>\u0160osezon Latvijas tenisiste ir svin\u0113jusi 18 uzvaras 31 ma\u010d\u0101.<\/p>\n<p>Udvardi apr\u012b\u013ca s\u0101kum\u0101 Kolumbijas galvaspils\u0113t\u0101 Bogot\u0101 &#8220;WTA 250&#8221; sacens\u012bb\u0101s uz m\u0101la seguma tika l\u012bdz fin\u0101lam, bet maija vid\u016b Marokas galvaspils\u0113t\u0101 Rab\u0101t\u0101 uz m\u0101la seguma sasniedza pusfin\u0101lu. Vi\u0146a \u0161osezon 33 c\u012b\u0146\u0101s ir tikusi pie 16 uzvar\u0101m.<\/p>\n<p>Divos iepriek\u0161\u0113jos startos \u012astborn\u0101 ung\u0101riete t\u0101l\u0101k par pirmo sp\u0113li nav tikusi.<\/p>\n<p>Turn\u012bra 2021. gada uzvar\u0113t\u0101ja Ostapenko n\u0101kamaj\u0101 gad\u0101 tika l\u012bdz fin\u0101lam, bet p\u0113rn cieta zaud\u0113jumu astotda\u013cfin\u0101l\u0101. Latvijas tenisistei \u0161\u012b ir desmit\u0101 reize \u012astbornas laukumos.<\/p>\n<p>Ostapenko kop\u0101 ar amerik\u0101nieti Sofiju Keninu sp\u0113l\u0113 ar\u012b dubultsp\u0113\u013cu sacens\u012bb\u0101s, kur ar tre\u0161o numuru turn\u012br\u0101 izliktais duets otrdien iek\u013cuva otraj\u0101 k\u0101rt\u0101. Par uzvaru pirmaj\u0101 k\u0101rt\u0101 Ostapenko nopeln\u012bja 54 pasaules ranga punktus.<\/p>\n<p>\u012astbornas sacens\u012bbas z\u0101les seguma kortos beigsies sestdien.<\/p>\n","protected":false},"excerpt":{"rendered":"Ostapenko, kura WTA rang\u0101 atrodas 35. viet\u0101 un sacens\u012bb\u0101s ir izs\u0113ta ar tre\u0161o numuru, otraj\u0101 k\u0101rt\u0101 ar rezult\u0101tu&hellip;\n","protected":false},"author":2,"featured_media":234731,"comment_status":"","ping_status":"","sticky":false,"template":"","format":"standard","meta":{"footnotes":"","_share_on_mastodon":"0"},"categories":[5],"tags":[23,680,28,29,32,33,22,2788,30,31,35,39,38,36,37,34,40,20,39914,26,27,941,683,24,25,939,21],"class_list":["post-234843","post","type-post","status-publish","format-standard","has-post-thumbnail","category-aktualitates","tag-aktualitates","tag-alona-ostapenko","tag-breaking-news","tag-breakingnews","tag-featured-news","tag-featurednews","tag-headlines","tag-jelena-ostapenko","tag-latest-news","tag-latestnews","tag-latvia","tag-latvian","tag-latviesu","tag-latviesu-valoda","tag-latviesuvaloda","tag-latvija","tag-lv","tag-news","tag-ostapenko","tag-popularakas-zinas","tag-popularakaszinas","tag-sieviesu-teniss","tag-teniss","tag-top-stories","tag-topstories","tag-wta","tag-zinas"],"share_on_mastodon":{"url":"https:\/\/pubeurope.com\/@lv\/116806464619553100","error":""},"_links":{"self":[{"href":"https:\/\/www.europesays.com\/lv\/wp-json\/wp\/v2\/posts\/234843","targetHints":{"allow":["GET"]}}],"collection":[{"href":"https:\/\/www.europesays.com\/lv\/wp-json\/wp\/v2\/posts"}],"about":[{"href":"https:\/\/www.europesays.com\/lv\/wp-json\/wp\/v2\/types\/post"}],"author":[{"embeddable":true,"href":"https:\/\/www.europesays.com\/lv\/wp-json\/wp\/v2\/users\/2"}],"replies":[{"embeddable":true,"href":"https:\/\/www.europesays.com\/lv\/wp-json\/wp\/v2\/comments?post=234843"}],"version-history":[{"count":0,"href":"https:\/\/www.europesays.com\/lv\/wp-json\/wp\/v2\/posts\/234843\/revisions"}],"wp:featuredmedia":[{"embeddable":true,"href":"https:\/\/www.europesays.com\/lv\/wp-json\/wp\/v2\/media\/234731"}],"wp:attachment":[{"href":"https:\/\/www.europesays.com\/lv\/wp-json\/wp\/v2\/media?parent=234843"}],"wp:term":[{"taxonomy":"category","embeddable":true,"href":"https:\/\/www.europesays.com\/lv\/wp-json\/wp\/v2\/categories?post=234843"},{"taxonomy":"post_tag","embeddable":true,"href":"https:\/\/www.europesays.com\/lv\/wp-json\/wp\/v2\/tags?post=234843"}],"curies":[{"name":"wp","href":"https:\/\/api.w.org\/{rel}","templated":true}]}}