{"id":23500,"date":"2025-10-17T12:59:15","date_gmt":"2025-10-17T12:59:15","guid":{"rendered":"https:\/\/www.europesays.com\/lv\/23500\/"},"modified":"2025-10-17T12:59:15","modified_gmt":"2025-10-17T12:59:15","slug":"latvijas-publikai-uzstasies-viens-no-pasaules-vadosajiem-sopraniem-marina-rebeka","status":"publish","type":"post","link":"https:\/\/www.europesays.com\/lv\/23500\/","title":{"rendered":"Latvijas publikai uzst\u0101sies viens no pasaules vado\u0161ajiem sopr\u0101niem \u2013 Marina Rebeka"},"content":{"rendered":"<p>M\u0101kslinieces solokoncerta pirmaj\u0101 da\u013c\u0101 skan\u0113s D\u017euzepes Verdi operm\u016bzika, savuk\u0101rt koncerta otr\u0101 da\u013ca tiks velt\u012bta citam it\u0101\u013cu operm\u016bzikas klasi\u0137im \u2013 D\u017eakomo Pu\u010d\u012bni. Latvijas Nacion\u0101lo simfonisko or\u0137estri \u0161oreiz pie diri\u0123enta pults vad\u012bs operdzied\u0101t\u0101jas labs draugs un kol\u0113\u0123is, izcilais it\u0101\u013cu diri\u0123ents Mik\u0113le Gamba.<\/p>\n<p><img decoding=\"async\" class=\"figure__image\" onclick=\"triggerEvent('articleImageClick', { id: 17215473, focus: 'single-image', focusIndex: '17215473' })\" onkeydown=\"if (event.key === 'Enter') {&#10;        triggerEvent('articleImageClick', { id: 17215473, focus: 'single-image', focusIndex: '17215473' })&#10;        }\" role=\"button\" tabindex=\"0\" data-focus-from=\"single-image\" data-focus-index=\"17215473\" src=\"https:\/\/www.europesays.com\/lv\/wp-content\/uploads\/2025\/10\/17215473t1h0967.jpg\" onload=\"this.parentElement.classList.remove('figure__image-loading')\" alt=\"Diri\u0123ents Mik\u0113le Gamba un preses konferences tulkot\u0101ja Hella Milbreta Holma.\"\/>Diri\u0123ents Mik\u0113le Gamba un preses konferences tulkot\u0101ja Hella Milbreta Holma. Foto: Marko Rass<\/p>\n<p>Vi\u0146\u0161 \u0161obr\u012bd tiek uzskat\u012bts par vienu no m\u016bsdienu daudzpus\u012bg\u0101kajiem m\u016bzikas interpretiem un ikreiz g\u016bst lielus pan\u0101kumus gan pie skat\u012bt\u0101jiem, gan m\u016bzikas kriti\u0137u sabiedr\u012bb\u0101. Vieso\u0161an\u0101s Vidzemes koncertz\u0101l\u0113 \u201cC\u0113sis\u201d un Latvijas Nacion\u0101laj\u0101 oper\u0101 diri\u0123entam b\u016bs pirm\u0101 uzst\u0101\u0161an\u0101s Latvijas publikai.<\/p>\n<p><img decoding=\"async\" class=\"figure__image\" onclick=\"triggerEvent('articleImageClick', { id: 17215477, focus: 'single-image', focusIndex: '17215477' })\" onkeydown=\"if (event.key === 'Enter') {&#10;        triggerEvent('articleImageClick', { id: 17215477, focus: 'single-image', focusIndex: '17215477' })&#10;        }\" role=\"button\" tabindex=\"0\" data-focus-from=\"single-image\" data-focus-index=\"17215477\" src=\"https:\/\/www.europesays.com\/lv\/wp-content\/uploads\/2025\/10\/17215477t1hde7f.jpg\" onload=\"this.parentElement.classList.remove('figure__image-loading')\" alt=\"Pas\u0101kum\u0101 piedal\u012bj\u0101s ar\u012b Andreja \u017dagara br\u0101lis, Dailes te\u0101tra direktors Juris \u017dagars.\"\/>Pas\u0101kum\u0101 piedal\u012bj\u0101s ar\u012b Andreja \u017dagara br\u0101lis, Dailes te\u0101tra direktors Juris \u017dagars. Foto: Marko Rass<\/p>\n<p>Andreja \u017dagara kult\u016bras atbalsta fonds turpina t\u0101 dibin\u0101t\u0101ja Andreja \u017dagara ies\u0101kto \u2013 v\u0113rien\u012bgu un noz\u012bm\u012bgu kult\u016bras notikumu organiz\u0113\u0161anu. Koncertu cikla \u201cDraugi \u2013 Andrejam \u017dagaram\u201d pamatideja ir ik gadu uzaicin\u0101t Latvij\u0101 uzst\u0101ties operas solistus, kuru starptautisko karjeru veicin\u0101jusi sadarb\u012bba ar Andreju \u2013 gan k\u0101 re\u017eisoru, gan k\u0101 Latvijas Nacion\u0101l\u0101s operas direktoru un Latvijas m\u016bzikas dz\u012bves virz\u012bt\u0101ju \u2013, k\u0101 ar\u012b neatkar\u012bgus m\u0101ksliniekus, ar kuriem kop\u0101 realiz\u0113ti rado\u0161i projekti.<\/p>\n<p><img decoding=\"async\" class=\"figure__image\" onclick=\"triggerEvent('articleImageClick', { id: 17215514, focus: 'single-image', focusIndex: '17215514' })\" onkeydown=\"if (event.key === 'Enter') {&#10;        triggerEvent('articleImageClick', { id: 17215514, focus: 'single-image', focusIndex: '17215514' })&#10;        }\" role=\"button\" tabindex=\"0\" data-focus-from=\"single-image\" data-focus-index=\"17215514\" src=\"https:\/\/www.europesays.com\/lv\/wp-content\/uploads\/2025\/10\/17215514t1h29df.jpg\" onload=\"this.parentElement.classList.remove('figure__image-loading')\" alt=\"\"\/> Foto: Marko_Rass<\/p>\n<p>Koncerti, k\u0101 ierasts, notiek ap Andreja \u017dagara dzim\u0161anas dienas laiku, kas b\u016btu bijusi tie\u0161i \u0161odien, 16. oktobr\u012b.<\/p>\n<p>Koncertus atbalsta \u201cLatvijas G\u0101ze\u201d un \u201cSignet Banka\u201d.<\/p>\n","protected":false},"excerpt":{"rendered":"M\u0101kslinieces solokoncerta pirmaj\u0101 da\u013c\u0101 skan\u0113s D\u017euzepes Verdi operm\u016bzika, savuk\u0101rt koncerta otr\u0101 da\u013ca tiks velt\u012bta citam it\u0101\u013cu operm\u016bzikas klasi\u0137im&hellip;\n","protected":false},"author":2,"featured_media":23501,"comment_status":"","ping_status":"","sticky":false,"template":"","format":"standard","meta":{"footnotes":""},"categories":[19],"tags":[7289,89,90,35,39,38,36,37,34,7287,40,7288,7290],"class_list":{"0":"post-23500","1":"post","2":"type-post","3":"status-publish","4":"format-standard","5":"has-post-thumbnail","7":"category-izklaide","8":"tag-andreja-zagara-kulturas-attistibas-fonds","9":"tag-entertainment","10":"tag-izklaide","11":"tag-latvia","12":"tag-latvian","13":"tag-latviesu","14":"tag-latviesu-valoda","15":"tag-latviesuvaloda","16":"tag-latvija","17":"tag-latvijas-nacionala-opera-un-balets","18":"tag-lv","19":"tag-marina-rebeka","20":"tag-vidzemes-koncertzale-cesis"},"share_on_mastodon":{"url":"","error":""},"_links":{"self":[{"href":"https:\/\/www.europesays.com\/lv\/wp-json\/wp\/v2\/posts\/23500","targetHints":{"allow":["GET"]}}],"collection":[{"href":"https:\/\/www.europesays.com\/lv\/wp-json\/wp\/v2\/posts"}],"about":[{"href":"https:\/\/www.europesays.com\/lv\/wp-json\/wp\/v2\/types\/post"}],"author":[{"embeddable":true,"href":"https:\/\/www.europesays.com\/lv\/wp-json\/wp\/v2\/users\/2"}],"replies":[{"embeddable":true,"href":"https:\/\/www.europesays.com\/lv\/wp-json\/wp\/v2\/comments?post=23500"}],"version-history":[{"count":0,"href":"https:\/\/www.europesays.com\/lv\/wp-json\/wp\/v2\/posts\/23500\/revisions"}],"wp:featuredmedia":[{"embeddable":true,"href":"https:\/\/www.europesays.com\/lv\/wp-json\/wp\/v2\/media\/23501"}],"wp:attachment":[{"href":"https:\/\/www.europesays.com\/lv\/wp-json\/wp\/v2\/media?parent=23500"}],"wp:term":[{"taxonomy":"category","embeddable":true,"href":"https:\/\/www.europesays.com\/lv\/wp-json\/wp\/v2\/categories?post=23500"},{"taxonomy":"post_tag","embeddable":true,"href":"https:\/\/www.europesays.com\/lv\/wp-json\/wp\/v2\/tags?post=23500"}],"curies":[{"name":"wp","href":"https:\/\/api.w.org\/{rel}","templated":true}]}}