{"id":23502,"date":"2025-10-17T13:03:09","date_gmt":"2025-10-17T13:03:09","guid":{"rendered":"https:\/\/www.europesays.com\/lv\/23502\/"},"modified":"2025-10-17T13:03:09","modified_gmt":"2025-10-17T13:03:09","slug":"nedelas-nogale-bus-saulaina-un-dzestra","status":"publish","type":"post","link":"https:\/\/www.europesays.com\/lv\/23502\/","title":{"rendered":"Ned\u0113\u013cas nogale b\u016bs saulaina un dzestra"},"content":{"rendered":"<p>Sestdien b\u016bs neliels un main\u012bgs m\u0101ko\u0146u daudzums, da\u017eviet Kurzem\u0113 un Baltkrievijas pierobe\u017e\u0101 gaid\u0101mi nokri\u0161\u0146i. Nakt\u012b p\u016bt\u012bs l\u0113ns v\u0113j\u0161 un gaisa temperat\u016bra pazemin\u0101sies l\u012bdz -2..+4 gr\u0101diem, dien\u0101 v\u0113j\u0161 m\u0113reni p\u016bt\u012bs no zieme\u013ciem, zieme\u013caustrumiem un gaiss iesils l\u012bdz +5..+10 gr\u0101diem.<\/p>\n<p>Sv\u0113tdien, pirmdien un otrdien gaid\u0101ms p\u0101rsvar\u0101 sauss un saulains laiks, ar l\u0113nu v\u0113ju. Gaisa temperat\u016bra nakt\u012bs valsts liel\u0101kaj\u0101 da\u013c\u0101 nosl\u012bd\u0113s zem nulles, viet\u0101m sasniedzot -5 gr\u0101dus. P\u0113cpusdien\u0101s nek\u013c\u016bs silt\u0101ks par +6..+10 gr\u0101diem.<\/p>\n<p>Nakt\u012bs un no r\u012btiem atsevi\u0161\u0137i autoce\u013cu posmi var apledot, liel\u0101kais apledojuma risks b\u016bs uz tiltiem, p\u0101rvadiem un ce\u013ciem \u016bdenstilpju tuvum\u0101.<\/p>\n<p>S\u0101kot ar n\u0101kam\u0101s ned\u0113\u013cas vidu, palaikam iesp\u0113jams lietus, debesis liel\u0101koties b\u016bs apm\u0101ku\u0161\u0101s. Nakts un r\u012bta stundas k\u013c\u016bs iev\u0113rojami silt\u0101kas, da\u017ek\u0101rt gaisa temperat\u016bra nenosl\u012bd\u0113s zem +5..+10 gr\u0101diem. Maksim\u0101l\u0101 temperat\u016bra silt\u0101kaj\u0101s dien\u0101s var sasniegt +9..+14 gr\u0101dus.<\/p>\n","protected":false},"excerpt":{"rendered":"Sestdien b\u016bs neliels un main\u012bgs m\u0101ko\u0146u daudzums, da\u017eviet Kurzem\u0113 un Baltkrievijas pierobe\u017e\u0101 gaid\u0101mi nokri\u0161\u0146i. Nakt\u012b p\u016bt\u012bs l\u0113ns v\u0113j\u0161&hellip;\n","protected":false},"author":2,"featured_media":23503,"comment_status":"","ping_status":"","sticky":false,"template":"","format":"standard","meta":{"footnotes":""},"categories":[12],"tags":[23,28,29,32,33,22,396,397,30,31,35,39,38,36,37,34,40,20,26,27,24,25,21],"class_list":{"0":"post-23502","1":"post","2":"type-post","3":"status-publish","4":"format-standard","5":"has-post-thumbnail","7":"category-latvija","8":"tag-aktualitates","9":"tag-breaking-news","10":"tag-breakingnews","11":"tag-featured-news","12":"tag-featurednews","13":"tag-headlines","14":"tag-laika-zinas","15":"tag-laikapstakli","16":"tag-latest-news","17":"tag-latestnews","18":"tag-latvia","19":"tag-latvian","20":"tag-latviesu","21":"tag-latviesu-valoda","22":"tag-latviesuvaloda","23":"tag-latvija","24":"tag-lv","25":"tag-news","26":"tag-popularakas-zinas","27":"tag-popularakaszinas","28":"tag-top-stories","29":"tag-topstories","30":"tag-zinas"},"share_on_mastodon":{"url":"","error":""},"_links":{"self":[{"href":"https:\/\/www.europesays.com\/lv\/wp-json\/wp\/v2\/posts\/23502","targetHints":{"allow":["GET"]}}],"collection":[{"href":"https:\/\/www.europesays.com\/lv\/wp-json\/wp\/v2\/posts"}],"about":[{"href":"https:\/\/www.europesays.com\/lv\/wp-json\/wp\/v2\/types\/post"}],"author":[{"embeddable":true,"href":"https:\/\/www.europesays.com\/lv\/wp-json\/wp\/v2\/users\/2"}],"replies":[{"embeddable":true,"href":"https:\/\/www.europesays.com\/lv\/wp-json\/wp\/v2\/comments?post=23502"}],"version-history":[{"count":0,"href":"https:\/\/www.europesays.com\/lv\/wp-json\/wp\/v2\/posts\/23502\/revisions"}],"wp:featuredmedia":[{"embeddable":true,"href":"https:\/\/www.europesays.com\/lv\/wp-json\/wp\/v2\/media\/23503"}],"wp:attachment":[{"href":"https:\/\/www.europesays.com\/lv\/wp-json\/wp\/v2\/media?parent=23502"}],"wp:term":[{"taxonomy":"category","embeddable":true,"href":"https:\/\/www.europesays.com\/lv\/wp-json\/wp\/v2\/categories?post=23502"},{"taxonomy":"post_tag","embeddable":true,"href":"https:\/\/www.europesays.com\/lv\/wp-json\/wp\/v2\/tags?post=23502"}],"curies":[{"name":"wp","href":"https:\/\/api.w.org\/{rel}","templated":true}]}}