{"id":23506,"date":"2025-10-17T13:05:08","date_gmt":"2025-10-17T13:05:08","guid":{"rendered":"https:\/\/www.europesays.com\/lv\/23506\/"},"modified":"2025-10-17T13:05:08","modified_gmt":"2025-10-17T13:05:08","slug":"pec-vairak-ka-17-gadiem-amoralle-beidz-savu-darbibu","status":"publish","type":"post","link":"https:\/\/www.europesays.com\/lv\/23506\/","title":{"rendered":"P\u0113c vair\u0101k k\u0101 17 gadiem &#8220;AMORALLE&#8221; beidz savu darb\u012bbu"},"content":{"rendered":"<p>&#8220;P\u0113c neskait\u0101m\u0101m kolekcij\u0101m, emocij\u0101m, cilv\u0113kiem, sap\u0146iem. P\u0113c visa, ko esmu ielikusi &#8211; savu m\u012blest\u012bbu, sp\u0113ku, nakts stundas, bailes un tic\u012bbu. P\u0113c t\u016bksto\u0161iem sievie\u0161u, kuras esmu redz\u0113jusi spogu\u013ca priek\u0161\u0101, k\u0101 vi\u0146as iztaisno plecus, iem\u012blas sev\u012b no jauna, atrod savu maigumu un sp\u0113ku.<\/p>\n<p><a href=\"https:\/\/www.tvnet.lv\/term\/557388\/amoralle\" class=\"topicLink\" target=\"_blank\" rel=\"nofollow noopener\">AMORALLE<\/a> bija vair\u0101k nek\u0101 dr\u0113bes. T\u0101 bija saj\u016bta. Saruna starp sievieti un vi\u0146as patieso b\u016bt\u012bbu.Es vairs nevaru turpin\u0101t. Un varb\u016bt tie\u0161i tas ir visdzi\u013c\u0101kais m\u012blest\u012bbas \u017eests \u013caut aiziet tam, ko esi rad\u012bjis no sirds. Bez r\u016bgtuma. Tikai ar pateic\u012bbu.<\/p>\n<p>Bet pirms viss nosl\u0113dzas pavisam v\u0113l p\u0113d\u0113jo reizi atveru durvis&#8230;<\/p>\n<p>Viss, kas v\u0113l palicis, tiks p\u0101rdots LEVEL UP Br\u012bv\u012bbas iel\u0101 33, ieeja no Br\u012bv\u012bbas ielas 2.st\u0101vs 23. OKTOBRA &#8211; 30. OKTOBRIM, 11:00 L\u012aDZ 20:00\u2728 T\u0100 B\u016aS M\u016aSU ATVADU TIK\u0160AN\u0100S.<\/p>\n<p>P\u0113d\u0113j\u0101 iesp\u0113ja satikties, aprun\u0101ties, pasmaid\u012bt, pieskarties Amoralle pasaules skaistumam &#8211; v\u0113l vienu reizi. GAID\u0100M J\u016aS CIEMOS.<\/p>\n<p>Ar m\u012blest\u012bbu, pateic\u012bbu un atv\u0113rtu sirdi, lai atvad\u012btos skaisti, tie\u0161i t\u0101, k\u0101 \u0161is st\u0101sts to ir peln\u012bjis.Un lai gan z\u012bmols beidzas, M\u012aLEST\u012aBA PALIEK. T\u0101, kas bija starp mani un Jums sieviet\u0113m, kuras tic\u0113ja maigumam, pa\u0161v\u0113rt\u012bbai un skaistumam, kas n\u0101k no iek\u0161ienes. T\u0101 nekad nebeidzas,&#8221; raksta z\u012bmola izveidot\u0101ja, uz\u0146\u0113m\u0113ja Inese Vakse.<\/p>\n","protected":false},"excerpt":{"rendered":"&#8220;P\u0113c neskait\u0101m\u0101m kolekcij\u0101m, emocij\u0101m, cilv\u0113kiem, sap\u0146iem. P\u0113c visa, ko esmu ielikusi &#8211; savu m\u012blest\u012bbu, sp\u0113ku, nakts stundas, bailes&hellip;\n","protected":false},"author":2,"featured_media":23507,"comment_status":"","ping_status":"","sticky":false,"template":"","format":"standard","meta":{"footnotes":""},"categories":[19],"tags":[7291,89,90,35,39,38,36,37,34,40,175,3068],"class_list":{"0":"post-23506","1":"post","2":"type-post","3":"status-publish","4":"format-standard","5":"has-post-thumbnail","7":"category-izklaide","8":"tag-amoralle","9":"tag-entertainment","10":"tag-izklaide","11":"tag-latvia","12":"tag-latvian","13":"tag-latviesu","14":"tag-latviesu-valoda","15":"tag-latviesuvaloda","16":"tag-latvija","17":"tag-lv","18":"tag-mode","19":"tag-modeles"},"share_on_mastodon":{"url":"","error":""},"_links":{"self":[{"href":"https:\/\/www.europesays.com\/lv\/wp-json\/wp\/v2\/posts\/23506","targetHints":{"allow":["GET"]}}],"collection":[{"href":"https:\/\/www.europesays.com\/lv\/wp-json\/wp\/v2\/posts"}],"about":[{"href":"https:\/\/www.europesays.com\/lv\/wp-json\/wp\/v2\/types\/post"}],"author":[{"embeddable":true,"href":"https:\/\/www.europesays.com\/lv\/wp-json\/wp\/v2\/users\/2"}],"replies":[{"embeddable":true,"href":"https:\/\/www.europesays.com\/lv\/wp-json\/wp\/v2\/comments?post=23506"}],"version-history":[{"count":0,"href":"https:\/\/www.europesays.com\/lv\/wp-json\/wp\/v2\/posts\/23506\/revisions"}],"wp:featuredmedia":[{"embeddable":true,"href":"https:\/\/www.europesays.com\/lv\/wp-json\/wp\/v2\/media\/23507"}],"wp:attachment":[{"href":"https:\/\/www.europesays.com\/lv\/wp-json\/wp\/v2\/media?parent=23506"}],"wp:term":[{"taxonomy":"category","embeddable":true,"href":"https:\/\/www.europesays.com\/lv\/wp-json\/wp\/v2\/categories?post=23506"},{"taxonomy":"post_tag","embeddable":true,"href":"https:\/\/www.europesays.com\/lv\/wp-json\/wp\/v2\/tags?post=23506"}],"curies":[{"name":"wp","href":"https:\/\/api.w.org\/{rel}","templated":true}]}}