{"id":235070,"date":"2026-06-25T03:38:31","date_gmt":"2026-06-25T03:38:31","guid":{"rendered":"https:\/\/www.europesays.com\/lv\/235070\/"},"modified":"2026-06-25T03:38:31","modified_gmt":"2026-06-25T03:38:31","slug":"lizete-saka-visiem-cau-karlis-bumeisters-kluvis-par-teti-treso-reizi-lente-lv","status":"publish","type":"post","link":"https:\/\/www.europesays.com\/lv\/235070\/","title":{"rendered":"&#8220;Lizete saka visiem \u010dau&#8221;: K\u0101rlis B\u016bmeisters k\u013cuvis par t\u0113ti tre\u0161o reizi\u00a0\u2014\u00a0Lente.lv"},"content":{"rendered":"<p>M\u016bzi\u0137is K\u0101rlis B\u016bmeisters dal\u0101s ar priec\u012bgu v\u0113sti par \u0123imenes pieaugumu<\/p>\n<p>M\u016bzi\u0137is K\u0101rlis B\u016bmeisters, pla\u0161\u0101k paz\u012bstams k\u0101 Ka\u017ea, ir dal\u012bjies ar \u0123imenes prieka zi\u0146u \u2013 vi\u0146a sieva Linda laida pasaul\u0113 p\u0101ra tre\u0161o atvasi. K\u0101rlis B\u016bmeisters soci\u0101lajos t\u012bklos public\u0113jis sirsn\u012bgu fotogr\u0101fiju, kur\u0101 redzami visi tr\u012bs vi\u0146a b\u0113rni, pavadot to ar emocion\u0101lu un simbolisku ierakstu: &#8220;Tr\u012bs Zvaigznes Karog\u0101. Lizete saka visiem \u010dau!&#8221; K\u0101 inform\u0113 port\u0101ls NRA, no ieraksta noprotams, ka \u0123imen\u0113 sagaid\u012bta meiti\u0146a, kurai dots v\u0101rds Lizete. Jaunais \u0123imenes loceklis sagaid\u012bts ar lielu prieku un sveicieniem no kol\u0113\u0123iem un faniem.<\/p>\n<p>Tre\u0161ais b\u0113rni\u0146\u0161 B\u016bmeisteru \u0123imen\u0113<\/p>\n<p>\u0160is ir tre\u0161ais b\u0113rni\u0146\u0161 K\u0101rlim B\u016bmeisteram un vi\u0146a sievai Lindai. P\u0101ris kop\u0161 2017. gada ir laul\u012bb\u0101 un kop\u0101 audzina savus b\u0113rnus. Vec\u0101kie b\u0113rni, d\u0113ls Edvarts un meita Matilde, nu k\u013cuvu\u0161i par vec\u0101ko br\u0101li un m\u0101su mazajai Lizetei. Public\u0113taj\u0101 fotogr\u0101fij\u0101 redzami abi vec\u0101kie b\u0113rni, kuri ar m\u012blest\u012bbu tur rok\u0101s savu jaundzimu\u0161o m\u0101si\u0146u, radot \u012bpa\u0161i aizkustino\u0161u mirkli.<\/p>\n<p>Atkl\u0101t\u012bba soci\u0101lajos t\u012bklos un fanu atbalsts<\/p>\n<p>Soci\u0101lie t\u012bkli, piem\u0113ram, Instagram un Facebook, k\u013cuvu\u0161i par svar\u012bgu platformu, kur\u0101 slaven\u012bbas dal\u0101s ar saviem dz\u012bves svar\u012bg\u0101kajiem notikumiem. K\u0101rlis B\u016bmeisters nav iz\u0146\u0113mums, un vi\u0146a atkl\u0101t\u012bba par \u0123imenes dz\u012bvi \u013cauj faniem justies tuv\u0101k saviem elkiem. \u0160\u012b priec\u012bg\u0101 zi\u0146a izrais\u012bjusi pla\u0161u apsveikumu lav\u012bnu no vi\u0146a sekot\u0101jiem un kol\u0113\u0123iem, kuri nov\u0113rt\u0113 vi\u0146a talantu un \u0123imenes v\u0113rt\u012bbas. Apsveikumos pausta v\u0113lme, lai meiti\u0146a aug vesela, skaista, gudra un laim\u012bga, un lai jaunais \u0123imenes pieaugums nes v\u0113l vair\u0101k prieka un m\u012blest\u012bbas.<\/p>\n<p>K\u0101r\u013ca B\u016bmeistera karjera un \u0123imenes dz\u012bve<\/p>\n<p>K\u0101rlis B\u016bmeisters ir latvie\u0161u m\u016bzi\u0137is, dziesmu autors un politiskais padomnieks, pla\u0161\u0101kai sabiedr\u012bbai paz\u012bstams ar skatuves v\u0101rdu Ka\u017ea. Vi\u0146\u0161 ir darbojies ar\u012b Eiropas Parlament\u0101 un Eiropas Komisij\u0101. Neskatoties uz aiz\u0146emto profesion\u0101lo dz\u012bvi, K\u0101rlis vienm\u0113r ir uzsv\u0113ris \u0123imenes v\u0113rt\u012bbu noz\u012bmi un centies apvienot darbu ar \u0123imenes dz\u012bvi. Vi\u0146\u0161 ir par\u0101d\u012bjis, k\u0101 m\u016bsdienu m\u0101kslinieki var harmoniski apvienot karjeru ar \u0123imenes v\u0113rt\u012bb\u0101m, k\u013c\u016bstot par iedvesmas avotu daudziem.<\/p>\n","protected":false},"excerpt":{"rendered":"M\u016bzi\u0137is K\u0101rlis B\u016bmeisters dal\u0101s ar priec\u012bgu v\u0113sti par \u0123imenes pieaugumu M\u016bzi\u0137is K\u0101rlis B\u016bmeisters, pla\u0161\u0101k paz\u012bstams k\u0101 Ka\u017ea, ir&hellip;\n","protected":false},"author":2,"featured_media":235071,"comment_status":"","ping_status":"","sticky":false,"template":"","format":"standard","meta":{"footnotes":"","_share_on_mastodon":"0"},"categories":[19],"tags":[89,13070,90,15229,3916,6678,35,39,38,36,37,34,5764,40],"class_list":["post-235070","post","type-post","status-publish","format-standard","has-post-thumbnail","category-izklaide","tag-entertainment","tag-gimenes-pieaugums","tag-izklaide","tag-jaundzimusais","tag-karlis-bumeisters","tag-kaza","tag-latvia","tag-latvian","tag-latviesu","tag-latviesu-valoda","tag-latviesuvaloda","tag-latvija","tag-latvijas-muziki","tag-lv"],"share_on_mastodon":{"url":"https:\/\/pubeurope.com\/@lv\/116808666618759859","error":""},"_links":{"self":[{"href":"https:\/\/www.europesays.com\/lv\/wp-json\/wp\/v2\/posts\/235070","targetHints":{"allow":["GET"]}}],"collection":[{"href":"https:\/\/www.europesays.com\/lv\/wp-json\/wp\/v2\/posts"}],"about":[{"href":"https:\/\/www.europesays.com\/lv\/wp-json\/wp\/v2\/types\/post"}],"author":[{"embeddable":true,"href":"https:\/\/www.europesays.com\/lv\/wp-json\/wp\/v2\/users\/2"}],"replies":[{"embeddable":true,"href":"https:\/\/www.europesays.com\/lv\/wp-json\/wp\/v2\/comments?post=235070"}],"version-history":[{"count":0,"href":"https:\/\/www.europesays.com\/lv\/wp-json\/wp\/v2\/posts\/235070\/revisions"}],"wp:featuredmedia":[{"embeddable":true,"href":"https:\/\/www.europesays.com\/lv\/wp-json\/wp\/v2\/media\/235071"}],"wp:attachment":[{"href":"https:\/\/www.europesays.com\/lv\/wp-json\/wp\/v2\/media?parent=235070"}],"wp:term":[{"taxonomy":"category","embeddable":true,"href":"https:\/\/www.europesays.com\/lv\/wp-json\/wp\/v2\/categories?post=235070"},{"taxonomy":"post_tag","embeddable":true,"href":"https:\/\/www.europesays.com\/lv\/wp-json\/wp\/v2\/tags?post=235070"}],"curies":[{"name":"wp","href":"https:\/\/api.w.org\/{rel}","templated":true}]}}