{"id":23508,"date":"2025-10-17T13:06:07","date_gmt":"2025-10-17T13:06:07","guid":{"rendered":"https:\/\/www.europesays.com\/lv\/23508\/"},"modified":"2025-10-17T13:06:07","modified_gmt":"2025-10-17T13:06:07","slug":"pk-2026-finalturniram-kvalificejusas-jau-28-izlases-bet-tikai-viena-no-eiropas-futbols-sportacentrs-com","status":"publish","type":"post","link":"https:\/\/www.europesays.com\/lv\/23508\/","title":{"rendered":"PK 2026 fin\u0101lturn\u012bram kvalific\u0113ju\u0161\u0101s jau 28 izlases, bet tikai viena no Eiropas \u2013 Futbols \u2013 Sportacentrs.com"},"content":{"rendered":"<p>PK 2026 b\u016bs pla\u0161\u0101kais fin\u0101lturn\u012brs, k\u0101du vien sar\u012bkojusi FIFA &#8211; pirmoreiz taj\u0101 piedal\u012bsies 48 izlases, gandr\u012bz ceturt\u0101 da\u013ca no vis\u0101m FIFA dal\u012bbvalst\u012bm. Da\u017eiem gan joproj\u0101m liekas, ka tas ir par maz, un septembr\u012b FIFA ofici\u0101laj\u0101 diskusij\u0101 ar Dienvidamerikas futbola vad\u012bbu izskat\u012bja iesp\u0113ju 2030. gada fin\u0101lturn\u012bru papla\u0161in\u0101t l\u012bdz 64 izlas\u0113m. Par laimi, FIFA prezidents D\u017eanni Infant\u012bno pagaid\u0101m par \u0161o ideju attiecas skeptiski.<\/p>\n<p>PK 2026 fin\u0101lturn\u012brs s\u0101ksies 2026. gada. 11. j\u016bnij\u0101, proti, p\u0113c asto\u0146iem m\u0113ne\u0161iem. \u0160obr\u012bd zin\u0101ma vair\u0101k nek\u0101 puse no gaid\u0101m\u0101 fin\u0101lturn\u012bra dal\u012bbniec\u0113m. Kvalifik\u0101cija jau nosl\u0113gusies Dienvidamerik\u0101, visas fin\u0101lturn\u012bra komandas noskaidrotas ar\u012b \u0100frik\u0101 un \u0100zij\u0101, k\u0101 ar\u012b Oke\u0101nij\u0101, kurai gan ir tikai viena kvota, ta\u010du v\u0113l gaid\u0101mas starpkonfeder\u0101ciju p\u0101rsp\u0113l\u0113s.<\/p>\n<p>Taj\u0101s piedal\u012bsies Bol\u012bvija un Jaunkaledonija, k\u0101 ar\u012b AAE vai Ir\u0101ka no \u0100zijas, Nig\u0113rija vai Kamer\u016bna, vai Gabona, vai Kongo DR (no \u0100frikas).<\/p>\n<p>Lai gan UEFA kvalifik\u0101cijas grupu turn\u012br\u0101 paliku\u0161as tikai divas k\u0101rtas, tur neskaidr\u012bba ir visliel\u0101k\u0101. Pagaid\u0101m tikai viena izlase jau \u0161obr\u012bd garant\u0113jusi vietu PK fin\u0101lturn\u012br\u0101 &#8211; t\u0101 ir Anglija, kas to paveica ar uzvaru R\u012bg\u0101 tie\u0161i p\u0101r Latviju.<\/p>\n<p>Nevar gan ar\u012b apgalvot, ka Eirop\u0101 past\u0101v\u0113tu fantastiska intriga par kvalific\u0113\u0161anos Pasaules kausam, jo, pirmk\u0101rt, praktiski visas favor\u012btes ar\u012b ir savu apak\u0161grupu priek\u0161gal\u0101 un, otrk\u0101rt, t\u0101pat jau v\u0113l b\u016bs kvalifik\u0101cijas otr\u0101 k\u0101rta jeb p\u0101rsp\u0113les, kur\u0101s piedal\u012bsies 16 komandas.<\/p>\n<p>No futbola grandiem visnepateic\u012bg\u0101kaj\u0101 poz\u012bcij\u0101 Eirop\u0101 ir It\u0101lijas izlase, kas sav\u0101 apak\u0161grup\u0101 ir tr\u012bs punktus aiz Norv\u0113\u0123ijas. Ta\u010du ab\u0101m izlas\u0113m v\u0113l palikusi savstarp\u0113ja sp\u0113le, turkl\u0101t It\u0101lija jebkur\u0101 gad\u012bjum\u0101 jau kvalific\u0113jusies p\u0101rsp\u0113l\u0113m.<\/p>\n<p>\u0145emot v\u0113r\u0101, ka PK kvalifik\u0101cijas p\u0101rsp\u0113l\u0113s Eirop\u0101 piedal\u012bsies ar\u012b \u010detras lab\u0101k\u0101s N\u0101ciju l\u012bgas grupu uzvar\u0113t\u0101jas, tad \u0161obr\u012bd teor\u0113tiskas izredzes uz vietu PK fin\u0101lturn\u012br\u0101 v\u0113l nav zaud\u0113ju\u0161as ar\u012b Moldovas un Sanmar\u012bno izlases, neskatoties uz to, ka ie\u0146em p\u0101rliecino\u0161as p\u0113d\u0113j\u0101s vietas sav\u0101s kvalifik\u0101cijas apak\u0161grup\u0101s.<\/p>\n<p>No 54 UEFA komand\u0101m uz fin\u0101lturn\u012bru vairs teor\u0113tiski nevar tikt tikai 14. \u0160o 14 izla\u0161u vid\u016b ir ar\u012b Latvija. Paulo Nikolato vad\u012btajai izlasei p\u0113d\u0113j\u0101s matem\u0101tisk\u0101s izredzes zuda l\u012bdz ar zaud\u0113jumu Anglijai, kas saprotam\u0101 k\u0101rt\u0101 netika \u012bpa\u0161i uzsv\u0113rts &#8211; no sap\u0146iem par fin\u0101lturn\u012bru Latvija bija atvad\u012bjusies jau septembr\u012b ar minim\u0101lajiem zaud\u0113jumiem Serbijai un Alb\u0101nijai. T\u0101pat bez fin\u0101lturn\u012bra pat teor\u0113tisk\u0101m cer\u012bb\u0101m paliku\u0161as ar\u012b Lietuva un Igaunija.<\/p>\n<p>Izlases, kas jau kvalific\u0113ju\u0161\u0101s Pasaules kausam<\/p>\n<tr>ValstsReizeValstsReize<\/tr>\n<tr class=\"even\">\n<td>Kan\u0101da<\/td>\n<td class=\"ralign\">3<\/td>\n<td>Meksika<\/td>\n<td class=\"ralign\">18<\/td>\n<\/tr>\n<tr class=\"odd\">\n<td>ASV<\/td>\n<td class=\"ralign\">12<\/td>\n<td>Jap\u0101na<\/td>\n<td class=\"ralign\">8<\/td>\n<\/tr>\n<tr class=\"even\">\n<td>Jaunz\u0113lande<\/td>\n<td class=\"ralign\">3<\/td>\n<td>Ir\u0101na<\/td>\n<td class=\"ralign\">7<\/td>\n<\/tr>\n<tr class=\"odd\">\n<td>Argent\u012bna<\/td>\n<td class=\"ralign\">19<\/td>\n<td>Uzbekist\u0101na<\/td>\n<td class=\"ralign\">1<\/td>\n<\/tr>\n<tr class=\"even\">\n<td>Dienvidkoreja<\/td>\n<td class=\"ralign\">12<\/td>\n<td>Jord\u0101na<\/td>\n<td class=\"ralign\">1<\/td>\n<\/tr>\n<tr class=\"odd\">\n<td>Austr\u0101lija<\/td>\n<td class=\"ralign\">7<\/td>\n<td>Braz\u012blija<\/td>\n<td class=\"ralign\">23<\/td>\n<\/tr>\n<tr class=\"even\">\n<td>Ekvadora<\/td>\n<td class=\"ralign\">5<\/td>\n<td>Urugvaja<\/td>\n<td class=\"ralign\">15<\/td>\n<\/tr>\n<tr class=\"odd\">\n<td>Kolumbija<\/td>\n<td class=\"ralign\">7<\/td>\n<td>Paragvaja<\/td>\n<td class=\"ralign\">9<\/td>\n<\/tr>\n<tr class=\"even\">\n<td>Maroka<\/td>\n<td class=\"ralign\">7<\/td>\n<td>Tunisija<\/td>\n<td class=\"ralign\">7<\/td>\n<\/tr>\n<tr class=\"odd\">\n<td>\u0112\u0123ipte<\/td>\n<td class=\"ralign\">4<\/td>\n<td>Al\u017e\u012brija<\/td>\n<td class=\"ralign\">5<\/td>\n<\/tr>\n<tr class=\"even\">\n<td>Gana<\/td>\n<td class=\"ralign\">5<\/td>\n<td>Kaboverde<\/td>\n<td class=\"ralign\">1<\/td>\n<\/tr>\n<tr class=\"odd\">\n<td>D\u0100R<\/td>\n<td class=\"ralign\">4<\/td>\n<td>Katara<\/td>\n<td class=\"ralign\">2<\/td>\n<\/tr>\n<tr class=\"even\">\n<td>Anglija<\/td>\n<td class=\"ralign\">17<\/td>\n<td>Sa\u016bda Ar\u0101bija<\/td>\n<td class=\"ralign\">7<\/td>\n<\/tr>\n<tr class=\"odd\">\n<td>Kotdivu\u0101ra<\/td>\n<td class=\"ralign\">4<\/td>\n<td>Seneg\u0101la<\/td>\n<td class=\"ralign\">4<\/td>\n<\/tr>\n<p>UEFA izlases, kas zaud\u0113ju\u0161as izredzes tikt uz Pasaules kausu<\/p>\n<tr>ValstsValstsValsts<\/tr>\n<tr class=\"even\">\n<td>Luksemburga<\/td>\n<td>Grie\u0137ija<\/td>\n<td>Baltkrievija<\/td>\n<\/tr>\n<tr class=\"odd\">\n<td>Bulg\u0101rija<\/td>\n<td>Lietuva<\/td>\n<td>Malta<\/td>\n<\/tr>\n<tr class=\"even\">\n<td>Kipra<\/td>\n<td>Igaunija<\/td>\n<td>Kazahst\u0101na<\/td>\n<\/tr>\n<tr class=\"odd\">\n<td>Lihten\u0161teina<\/td>\n<td>Latvija<\/td>\n<td>Andora<\/td>\n<\/tr>\n<tr class=\"even\">\n<td>Melnkalne<\/td>\n<td>Gibralt\u0101rs<\/td>\n<td\/><\/tr>\n<p>Izmantotie resursi:<br \/><a target=\"_blank\" href=\"http:\/\/www.fifa.com\" rel=\"nofollow noopener\">fifa.com<\/a><\/p>\n","protected":false},"excerpt":{"rendered":"PK 2026 b\u016bs pla\u0161\u0101kais fin\u0101lturn\u012brs, k\u0101du vien sar\u012bkojusi FIFA &#8211; pirmoreiz taj\u0101 piedal\u012bsies 48 izlases, gandr\u012bz ceturt\u0101 da\u013ca&hellip;\n","protected":false},"author":2,"featured_media":23509,"comment_status":"","ping_status":"","sticky":false,"template":"","format":"standard","meta":{"footnotes":""},"categories":[17],"tags":[676,35,39,38,36,37,34,40,67],"class_list":{"0":"post-23508","1":"post","2":"type-post","3":"status-publish","4":"format-standard","5":"has-post-thumbnail","7":"category-sports","8":"tag-futbols","9":"tag-latvia","10":"tag-latvian","11":"tag-latviesu","12":"tag-latviesu-valoda","13":"tag-latviesuvaloda","14":"tag-latvija","15":"tag-lv","16":"tag-sports"},"share_on_mastodon":{"url":"","error":""},"_links":{"self":[{"href":"https:\/\/www.europesays.com\/lv\/wp-json\/wp\/v2\/posts\/23508","targetHints":{"allow":["GET"]}}],"collection":[{"href":"https:\/\/www.europesays.com\/lv\/wp-json\/wp\/v2\/posts"}],"about":[{"href":"https:\/\/www.europesays.com\/lv\/wp-json\/wp\/v2\/types\/post"}],"author":[{"embeddable":true,"href":"https:\/\/www.europesays.com\/lv\/wp-json\/wp\/v2\/users\/2"}],"replies":[{"embeddable":true,"href":"https:\/\/www.europesays.com\/lv\/wp-json\/wp\/v2\/comments?post=23508"}],"version-history":[{"count":0,"href":"https:\/\/www.europesays.com\/lv\/wp-json\/wp\/v2\/posts\/23508\/revisions"}],"wp:featuredmedia":[{"embeddable":true,"href":"https:\/\/www.europesays.com\/lv\/wp-json\/wp\/v2\/media\/23509"}],"wp:attachment":[{"href":"https:\/\/www.europesays.com\/lv\/wp-json\/wp\/v2\/media?parent=23508"}],"wp:term":[{"taxonomy":"category","embeddable":true,"href":"https:\/\/www.europesays.com\/lv\/wp-json\/wp\/v2\/categories?post=23508"},{"taxonomy":"post_tag","embeddable":true,"href":"https:\/\/www.europesays.com\/lv\/wp-json\/wp\/v2\/tags?post=23508"}],"curies":[{"name":"wp","href":"https:\/\/api.w.org\/{rel}","templated":true}]}}