{"id":2351,"date":"2025-09-22T21:27:07","date_gmt":"2025-09-22T21:27:07","guid":{"rendered":"https:\/\/www.europesays.com\/lv\/2351\/"},"modified":"2025-09-22T21:27:07","modified_gmt":"2025-09-22T21:27:07","slug":"control-alt-delete-baisas-nakotnes-rama-pienemsana-lukasa-tvarkovska-izrade-orakuls","status":"publish","type":"post","link":"https:\/\/www.europesays.com\/lv\/2351\/","title":{"rendered":"Control-Alt-Delete&#8221;. Bais\u0101s n\u0101kotnes r\u0101m\u0101 pie\u0146em\u0161ana Luka\u0161a Tvarkovska izr\u0101d\u0113 &#8220;Or\u0101kuls"},"content":{"rendered":"<p>&#8220;Ko tu dar\u012bsi p\u0113c kara?&#8221; izskan jaut\u0101jums Luka\u0161a Tvarkovska re\u017eis\u0113taj\u0101 izr\u0101d\u0113 &#8220;Or\u0101kuls&#8221; Dailes te\u0101tr\u012b. \u0160o jaut\u0101jumu spilgti risin\u0101jis ar\u012b \u0112rihs Marija Remarks sav\u0101 hrestom\u0101tiskaj\u0101 rom\u0101n\u0101 &#8220;Rietumu front\u0113 bez p\u0101rmai\u0146\u0101m&#8221;, bet \u0161odienas kontekst\u0101, p\u0101rliekot atbildi uz to, vispirms pa priek\u0161u iesteidzas doma: &#8220;Dievs dod, kaut nu tas pirm\u0101m k\u0101rt\u0101m beigtos!&#8221;<\/p>\n","protected":false},"excerpt":{"rendered":"&#8220;Ko tu dar\u012bsi p\u0113c kara?&#8221; izskan jaut\u0101jums Luka\u0161a Tvarkovska re\u017eis\u0113taj\u0101 izr\u0101d\u0113 &#8220;Or\u0101kuls&#8221; Dailes te\u0101tr\u012b. \u0160o jaut\u0101jumu spilgti risin\u0101jis&hellip;\n","protected":false},"author":2,"featured_media":2352,"comment_status":"","ping_status":"","sticky":false,"template":"","format":"standard","meta":{"footnotes":""},"categories":[19],"tags":[454,1325,89,90,35,39,38,36,37,34,455,40,1326,1327],"class_list":{"0":"post-2351","1":"post","2":"type-post","3":"status-publish","4":"format-standard","5":"has-post-thumbnail","7":"category-izklaide","8":"tag-dailes-teatris","9":"tag-enigma","10":"tag-entertainment","11":"tag-izklaide","12":"tag-latvia","13":"tag-latvian","14":"tag-latviesu","15":"tag-latviesu-valoda","16":"tag-latviesuvaloda","17":"tag-latvija","18":"tag-lukass-tvarkovskis","19":"tag-lv","20":"tag-totalitarisms","21":"tag-tvnet-kultura"},"share_on_mastodon":{"url":"","error":""},"_links":{"self":[{"href":"https:\/\/www.europesays.com\/lv\/wp-json\/wp\/v2\/posts\/2351","targetHints":{"allow":["GET"]}}],"collection":[{"href":"https:\/\/www.europesays.com\/lv\/wp-json\/wp\/v2\/posts"}],"about":[{"href":"https:\/\/www.europesays.com\/lv\/wp-json\/wp\/v2\/types\/post"}],"author":[{"embeddable":true,"href":"https:\/\/www.europesays.com\/lv\/wp-json\/wp\/v2\/users\/2"}],"replies":[{"embeddable":true,"href":"https:\/\/www.europesays.com\/lv\/wp-json\/wp\/v2\/comments?post=2351"}],"version-history":[{"count":0,"href":"https:\/\/www.europesays.com\/lv\/wp-json\/wp\/v2\/posts\/2351\/revisions"}],"wp:featuredmedia":[{"embeddable":true,"href":"https:\/\/www.europesays.com\/lv\/wp-json\/wp\/v2\/media\/2352"}],"wp:attachment":[{"href":"https:\/\/www.europesays.com\/lv\/wp-json\/wp\/v2\/media?parent=2351"}],"wp:term":[{"taxonomy":"category","embeddable":true,"href":"https:\/\/www.europesays.com\/lv\/wp-json\/wp\/v2\/categories?post=2351"},{"taxonomy":"post_tag","embeddable":true,"href":"https:\/\/www.europesays.com\/lv\/wp-json\/wp\/v2\/tags?post=2351"}],"curies":[{"name":"wp","href":"https:\/\/api.w.org\/{rel}","templated":true}]}}