{"id":23512,"date":"2025-10-17T13:10:10","date_gmt":"2025-10-17T13:10:10","guid":{"rendered":"https:\/\/www.europesays.com\/lv\/23512\/"},"modified":"2025-10-17T13:10:10","modified_gmt":"2025-10-17T13:10:10","slug":"olga-kambala-sanemusi-draudus","status":"publish","type":"post","link":"https:\/\/www.europesays.com\/lv\/23512\/","title":{"rendered":"Olga Kambala sa\u0146\u0113musi draudus"},"content":{"rendered":"<p>\u0160oned\u0113\u013c \u0161ov\u0101 &#8220;Slaven\u012bbas. Bez filtra&#8221; Olga atkl\u0101ja, ka nejau\u0161i sastapusies ar Kar\u012bnu sporta klub\u0101 un v\u0101rdu apmai\u0146a abu starp\u0101 nav bijusi pat\u012bkama. Olga st\u0101sta, ka s\u0101kum\u0101 centusies risin\u0101t situ\u0101ciju mier\u012bg\u0101 ce\u013c\u0101, ta\u010du, kad pazi\u0146a s\u0101kusi izteikt tie\u0161us un draudo\u0161us koment\u0101rus, vi\u0146as paciet\u012bba beigusies.<\/p>\n<p>Olga atz\u012bst, ka p\u0113rn medijos izplat\u012btais st\u0101sts par vi\u0146as attiec\u012bb\u0101m un finan\u0161u dar\u012bjumiem bijis emocion\u0101li smags, ta\u010du vi\u0146a cent\u0101s saglab\u0101t mieru.<\/p>\n<blockquote class=\"quote ck-widget\" contenteditable=\"false\">\n<p>Tagad situ\u0101cija k\u013cuvusi iev\u0113rojami nopietn\u0101ka: &#8220;Trenere, kura semin\u0101r\u0101 m\u0101ca par dro\u0161\u012bbu, taj\u0101 pa\u0161\u0101 laik\u0101 cilv\u0113kam z\u0101l\u0113 draud nogriezt k\u0101jas. Vi\u0146a man teica \u2013 es tev nogriez\u012b\u0161u k\u0101jas, nevis salauz\u012b\u0161u, bet nogriez\u012b\u0161u!&#8221;<\/p>\n<\/blockquote>\n<p>Aizkadr\u0101 Olga paskaidro, ka viss aizs\u0101k\u0101s jau vasar\u0101 ar pres\u0113 public\u0113to inform\u0101ciju, ka vi\u0146a it k\u0101 aiz\u0146\u0113musies naudu, lai pamestu v\u012bru, bet p\u0113c tam par\u0101du neesot atdevusi.<\/p>\n<p>&#8220;Tas v\u0113l nebija viss,&#8221; vi\u0146a piebilst, nor\u0101dot, ka \u0161is atgad\u012bjums saist\u012bts ar div\u0101m d\u0101m\u0101m &#8211; vi\u0146as sekot\u0101ju Irinu un vi\u0146as draudzeni Kar\u012bnu, kuras abas str\u0101d\u0101jot par trener\u0113m.<\/p>\n<blockquote class=\"quote ck-widget\" contenteditable=\"false\">\n<p>&#8220;Irina teica, ka es no vi\u0146as esmu nozagusi di\u0113tu, bet vi\u0146ai ir draudzene Kar\u012bna, kura apgalvo, ka es no vi\u0146as esmu aiz\u0146\u0113musies naudu, ar\u012b ir trenere. Nevienai no vi\u0146\u0101m nav sertifik\u0101ta, lai str\u0101d\u0101tu par trener\u0113m,&#8221; Olga paskaidro.<\/p>\n<\/blockquote>\n","protected":false},"excerpt":{"rendered":"\u0160oned\u0113\u013c \u0161ov\u0101 &#8220;Slaven\u012bbas. Bez filtra&#8221; Olga atkl\u0101ja, ka nejau\u0161i sastapusies ar Kar\u012bnu sporta klub\u0101 un v\u0101rdu apmai\u0146a abu&hellip;\n","protected":false},"author":2,"featured_media":23513,"comment_status":"","ping_status":"","sticky":false,"template":"","format":"standard","meta":{"footnotes":""},"categories":[5],"tags":[23,28,29,32,33,22,30,31,35,39,38,36,37,34,40,20,5394,26,27,24,25,21],"class_list":{"0":"post-23512","1":"post","2":"type-post","3":"status-publish","4":"format-standard","5":"has-post-thumbnail","7":"category-aktualitates","8":"tag-aktualitates","9":"tag-breaking-news","10":"tag-breakingnews","11":"tag-featured-news","12":"tag-featurednews","13":"tag-headlines","14":"tag-latest-news","15":"tag-latestnews","16":"tag-latvia","17":"tag-latvian","18":"tag-latviesu","19":"tag-latviesu-valoda","20":"tag-latviesuvaloda","21":"tag-latvija","22":"tag-lv","23":"tag-news","24":"tag-olga-kambala","25":"tag-popularakas-zinas","26":"tag-popularakaszinas","27":"tag-top-stories","28":"tag-topstories","29":"tag-zinas"},"share_on_mastodon":{"url":"","error":""},"_links":{"self":[{"href":"https:\/\/www.europesays.com\/lv\/wp-json\/wp\/v2\/posts\/23512","targetHints":{"allow":["GET"]}}],"collection":[{"href":"https:\/\/www.europesays.com\/lv\/wp-json\/wp\/v2\/posts"}],"about":[{"href":"https:\/\/www.europesays.com\/lv\/wp-json\/wp\/v2\/types\/post"}],"author":[{"embeddable":true,"href":"https:\/\/www.europesays.com\/lv\/wp-json\/wp\/v2\/users\/2"}],"replies":[{"embeddable":true,"href":"https:\/\/www.europesays.com\/lv\/wp-json\/wp\/v2\/comments?post=23512"}],"version-history":[{"count":0,"href":"https:\/\/www.europesays.com\/lv\/wp-json\/wp\/v2\/posts\/23512\/revisions"}],"wp:featuredmedia":[{"embeddable":true,"href":"https:\/\/www.europesays.com\/lv\/wp-json\/wp\/v2\/media\/23513"}],"wp:attachment":[{"href":"https:\/\/www.europesays.com\/lv\/wp-json\/wp\/v2\/media?parent=23512"}],"wp:term":[{"taxonomy":"category","embeddable":true,"href":"https:\/\/www.europesays.com\/lv\/wp-json\/wp\/v2\/categories?post=23512"},{"taxonomy":"post_tag","embeddable":true,"href":"https:\/\/www.europesays.com\/lv\/wp-json\/wp\/v2\/tags?post=23512"}],"curies":[{"name":"wp","href":"https:\/\/api.w.org\/{rel}","templated":true}]}}