{"id":23514,"date":"2025-10-17T13:11:12","date_gmt":"2025-10-17T13:11:12","guid":{"rendered":"https:\/\/www.europesays.com\/lv\/23514\/"},"modified":"2025-10-17T13:11:12","modified_gmt":"2025-10-17T13:11:12","slug":"ineses-galantes-jaunie-talanti-dalas-ar-saviem-panakumiem-un-sasniegumiem","status":"publish","type":"post","link":"https:\/\/www.europesays.com\/lv\/23514\/","title":{"rendered":"Ineses Galantes Jaunie talanti dal\u0101s ar saviem pan\u0101kumiem un sasniegumiem"},"content":{"rendered":"<p>2024.\/25. gada sezona bija veiksm\u012bga ar\u012b talant\u012bgajam baritonam un konkursa laure\u0101tam Daniilam Pogorilesam. Vi\u0146\u0161 piedal\u012bj\u0101s Latvijas Nacion\u0101l\u0101s operas sezonas atkl\u0101\u0161anas koncert\u0101, debit\u0113ja Belkores lom\u0101 Gaet\u0101no Doniceti oper\u0101 \u201cM\u012blas dz\u0113riens\u201d un k\u013cuva par Ottavio Ziino starptautisk\u0101 konkursa fin\u0101listu Rom\u0101, ieg\u016bstot balvu k\u0101 lab\u0101kais baritons.<\/p>\n<p><img decoding=\"async\" class=\"figure__image\" onclick=\"triggerEvent('articleImageClick', { id: 17213867, focus: 'single-image', focusIndex: '17213867' })\" onkeydown=\"if (event.key === 'Enter') {&#10;        triggerEvent('articleImageClick', { id: 17213867, focus: 'single-image', focusIndex: '17213867' })&#10;        }\" role=\"button\" tabindex=\"0\" data-focus-from=\"single-image\" data-focus-index=\"17213867\" src=\"https:\/\/f11.pmo.ee\/lXyUIZvVM4uSpthHePMCUy5f6yA=\/768x0\/filters:format(webp)\/nginx\/o\/2025\/10\/16\/17213867t1hfcdb.jpg\" onload=\"this.parentElement.classList.remove('figure__image-loading')\" alt=\"Baritons Daniils Pogoriless.\"\/>Baritons Daniils Pogoriless. Foto: Publicit\u0101tes foto<\/p>\n<p>\u0160\u0101 gada maij\u0101 Daniils debit\u0113ja Latvijas Nacion\u0101l\u0101s operas skatuv\u0113 Lotario lom\u0101 Georga Fr\u012bdriha Hende\u013ca oper\u0101 \u201cFlavio\u201d.<\/p>\n<p>Konkursa laure\u0101ts, virtuozais obojists Rinalds Rozenlauks aizvad\u012btaj\u0101 sezon\u0101 uzst\u0101j\u0101s kop\u0101 ar daudziem paz\u012bstamiem Latvijas m\u0101ksliniekiem un guva v\u0113rt\u012bgu koncertpieredzi: Operetes festiv\u0101l\u0101 Ik\u0161\u0137il\u0113, Operm\u016bzikas sv\u0113tkos Siguld\u0101, k\u0101 ar\u012b Ineses Galantes fonda koncert\u0101 \u201cJaunie un spo\u017eie\u201d Dzintaru koncertz\u0101l\u0113.<\/p>\n<p>Jaun\u0101 pianiste un konkursa laure\u0101te Sandija Leja gada laik\u0101 piedal\u012bj\u0101s vair\u0101kos presti\u017eos konkursos un guva godalgotas vietas starptautiskaj\u0101 pianistu un \u010dellistu konkurs\u0101 \u201cYoung Musician Tallinn\u201d un pianistu konkurs\u0101 V\u012bn\u0113 \u201cWiener Klassik\u201d.<\/p>\n<p>Aizvien spo\u017e\u0101k sevi apliecina ar\u012b sopr\u0101ns Viktorija Majore, kura aizvad\u012btaj\u0101 sezon\u0101 uzs\u0101ka sadarb\u012bbu ar kameror\u0137estri \u201cSinfonietta R\u012bga\u201d un diri\u0123entu Normundu \u0160n\u0113.<\/p>\n<p><img decoding=\"async\" class=\"figure__image\" onclick=\"triggerEvent('articleImageClick', { id: 17213883, focus: 'single-image', focusIndex: '17213883' })\" onkeydown=\"if (event.key === 'Enter') {&#10;        triggerEvent('articleImageClick', { id: 17213883, focus: 'single-image', focusIndex: '17213883' })&#10;        }\" role=\"button\" tabindex=\"0\" data-focus-from=\"single-image\" data-focus-index=\"17213883\" src=\"https:\/\/www.europesays.com\/lv\/wp-content\/uploads\/2025\/10\/17213883t1h2d54.jpg\" onload=\"this.parentElement.classList.remove('figure__image-loading')\" alt=\"Sopr\u0101ns Viktorija Majore.\"\/>Sopr\u0101ns Viktorija Majore. Foto: Publicit\u0101tes foto<\/p>\n<p>2025. gad\u0101 vi\u0146a kop\u0101 ar Valsts akad\u0113misk\u0101 kora \u201cLatvija\u201d vad\u012bt\u0101ju M\u0101ri Sirmo piedal\u012bj\u0101s grandioz\u0101 uzvedum\u0101 p\u0113c laikmet\u012bg\u0101 \u0137\u012bnie\u0161u komponista un diri\u0123enta Ta\u0146a Duna darba, kur izpild\u012bja divas sievie\u0161u lomas. Konkursa laure\u0101ti Anastasiju Dolgonenko skat\u012bt\u0101ji var\u0113s redz\u0113t atjaunotaj\u0101 Operetes te\u0101tr\u012b \u2013 galvenaj\u0101 lom\u0101 Fran\u010da Leh\u0101ra iestud\u0113jum\u0101 \u201eD\u017eudita\u201c.<\/p>\n<p>Konkursa \u201cIneses Galantes talanti\u201d programma jau daudzus gadus sniedz noz\u012bm\u012bgu ieguld\u012bjumu jauno klasisk\u0101s m\u016bzikas talantu atbalst\u012b\u0161an\u0101. \u0160\u012b kult\u016bras un soci\u0101l\u0101 projekta ietvaros <a href=\"https:\/\/sejas.tvnet.lv\/term\/806064\/ineses-galantes-fonds\" class=\"topicLink\" target=\"_blank\" rel=\"nofollow noopener\">Ineses Galantes fonds<\/a> konkursa k\u0101rt\u012bb\u0101 atrod, att\u012bsta un veicina izcilu izpild\u012bt\u0101ju karjeru, radot jaunus v\u0101rdus muzik\u0101laj\u0101 pasaul\u0113. Pateicoties konkursa patroneses \u2013 operd\u012bvas Ineses Galantes \u2013 person\u012bgajai iesaistei, daudzi laure\u0101ti jau ar pan\u0101kumiem k\u0101pj uz pasaules skatuv\u0113m. Tradicion\u0101li konkursa laure\u0101ti tiek aicin\u0101ti uzst\u0101ties visos fonda r\u012bkotajos koncertos un citos presti\u017eos pas\u0101kumos.<\/p>\n","protected":false},"excerpt":{"rendered":"2024.\/25. gada sezona bija veiksm\u012bga ar\u012b talant\u012bgajam baritonam un konkursa laure\u0101tam Daniilam Pogorilesam. Vi\u0146\u0161 piedal\u012bj\u0101s Latvijas Nacion\u0101l\u0101s operas&hellip;\n","protected":false},"author":2,"featured_media":23515,"comment_status":"","ping_status":"","sticky":false,"template":"","format":"standard","meta":{"footnotes":""},"categories":[19],"tags":[89,7293,7292,90,35,39,38,36,37,34,40],"class_list":{"0":"post-23514","1":"post","2":"type-post","3":"status-publish","4":"format-standard","5":"has-post-thumbnail","7":"category-izklaide","8":"tag-entertainment","9":"tag-ineses-galantes-fonds","10":"tag-ineses-galantes-jaunie-talanti","11":"tag-izklaide","12":"tag-latvia","13":"tag-latvian","14":"tag-latviesu","15":"tag-latviesu-valoda","16":"tag-latviesuvaloda","17":"tag-latvija","18":"tag-lv"},"share_on_mastodon":{"url":"","error":""},"_links":{"self":[{"href":"https:\/\/www.europesays.com\/lv\/wp-json\/wp\/v2\/posts\/23514","targetHints":{"allow":["GET"]}}],"collection":[{"href":"https:\/\/www.europesays.com\/lv\/wp-json\/wp\/v2\/posts"}],"about":[{"href":"https:\/\/www.europesays.com\/lv\/wp-json\/wp\/v2\/types\/post"}],"author":[{"embeddable":true,"href":"https:\/\/www.europesays.com\/lv\/wp-json\/wp\/v2\/users\/2"}],"replies":[{"embeddable":true,"href":"https:\/\/www.europesays.com\/lv\/wp-json\/wp\/v2\/comments?post=23514"}],"version-history":[{"count":0,"href":"https:\/\/www.europesays.com\/lv\/wp-json\/wp\/v2\/posts\/23514\/revisions"}],"wp:featuredmedia":[{"embeddable":true,"href":"https:\/\/www.europesays.com\/lv\/wp-json\/wp\/v2\/media\/23515"}],"wp:attachment":[{"href":"https:\/\/www.europesays.com\/lv\/wp-json\/wp\/v2\/media?parent=23514"}],"wp:term":[{"taxonomy":"category","embeddable":true,"href":"https:\/\/www.europesays.com\/lv\/wp-json\/wp\/v2\/categories?post=23514"},{"taxonomy":"post_tag","embeddable":true,"href":"https:\/\/www.europesays.com\/lv\/wp-json\/wp\/v2\/tags?post=23514"}],"curies":[{"name":"wp","href":"https:\/\/api.w.org\/{rel}","templated":true}]}}