{"id":235234,"date":"2026-06-25T06:41:09","date_gmt":"2026-06-25T06:41:09","guid":{"rendered":"https:\/\/www.europesays.com\/lv\/235234\/"},"modified":"2026-06-25T06:41:09","modified_gmt":"2026-06-25T06:41:09","slug":"rumanijas-parlamenta-apakspalata-apstiprina-likumprojektu-par-apvienosanos-ar-moldovu","status":"publish","type":"post","link":"https:\/\/www.europesays.com\/lv\/235234\/","title":{"rendered":"Rum\u0101nijas parlamenta apak\u0161pal\u0101ta apstiprina likumprojektu par apvieno\u0161anos ar Moldovu"},"content":{"rendered":"<p>K\u0101 nor\u0101da Rum\u0101nijas mediji, attiec\u012bb\u0101 uz \u0161o likumprojektu tika piem\u0113rota t\u0101 saucam\u0101 klus\u0101s pie\u0146em\u0161anas proced\u016bra. T\u0101 paredz, ka iniciat\u012bvas, kas 45 dienu laik\u0101 nav izskat\u012btas un nav noraid\u012btas plen\u0101rs\u0113d\u0113, autom\u0101tiski tiek uzskat\u012btas par apstiprin\u0101t\u0101m.<\/p>\n<p>&#8220;Rum\u0101nijas parlaments pie\u0146em l\u0113mumu par apvieno\u0161anos ar Moldovas Republiku&#8221;, &#8220;Rum\u0101nijas parlaments pilnvaro valsts vald\u012bbu nekav\u0113joties un steidzami s\u0101kt sarunas ar Ki\u0161i\u0146evas varasiest\u0101d\u0113m, lai gal\u012bgi noform\u0113tu apvieno\u0161anos ar Moldovas Republiku&#8221;, teikts dokumenta 2. un 3. pant\u0101. Tagad \u0161is likumprojekts tiks iesniegts izskat\u012b\u0161anai parlamenta aug\u0161pal\u0101t\u0101 Sen\u0101t\u0101.<\/p>\n<p>Moldovas prezidente Maija Sandu janv\u0101r\u012b atkl\u0101ti pauda atbalstu savas valsts apvieno\u0161anai ar Rum\u0101niju. &#8220;Ja notiks referendums, es balso\u0161u par apvieno\u0161anos ar Rum\u0101niju,&#8221; vi\u0146a uzsv\u0113ra intervij\u0101 britu podk\u0101stam &#8220;The Rest is Politics&#8221;.<\/p>\n<p>Sandu jau vair\u0101kk\u0101rt ir aps\u016bdz\u0113jusi Maskavu m\u0113\u0123in\u0101jumos iejaukties savas valsts iek\u0161politik\u0101. &#8220;Paskatieties, kas notiek pasaul\u0113. T\u0101dai mazai valstij k\u0101 Moldovai k\u013c\u016bst arvien gr\u016bt\u0101k izdz\u012bvot k\u0101 demokr\u0101tijai, k\u0101 suver\u0113nai valstij un, protams, st\u0101ties pret\u012b Krievijai,&#8217; vi\u0146a nor\u0101d\u012bja podkast\u0101.<\/p>\n<p>P\u0113d\u0113jos gados Moldov\u0101 strauji pieaudzis to iedz\u012bvot\u0101ju skaits, kuri atbalsta apvieno\u0161anos ar Rum\u0101niju, galvenok\u0101rt saist\u012bb\u0101 ar Krievijas izv\u0113rsto karu pret Ukrainu. Saska\u0146\u0101 ar mart\u0101 veikto aptauju Moldov\u0101 aptuveni 42% iedz\u012bvot\u0101ju atbalsta \u0161o ideju, bet 47% ir pret to. Rum\u0101nij\u0101 \u0161obr\u012bd par apvieno\u0161anos ir gatavi balsot aptuveni 72% iedz\u012bvot\u0101ju.<\/p>\n<p>P\u0113c da\u017e\u0101d\u0101m apl\u0113s\u0113m vair\u0101k nek\u0101 tre\u0161da\u013ca no aptuveni 2,4 miljoniem Moldovas iedz\u012bvot\u0101ju ir ar\u012b Rum\u0101nijas pilso\u0146i. <a href=\"https:\/\/www.apollo.lv\/term\/555462\/rumanija\" class=\"topicLink\" target=\"_blank\" rel=\"nofollow noopener\">Rum\u0101nija<\/a> ir Moldovas svar\u012bg\u0101kais tirdzniec\u012bbas partneris. T\u0101 pal\u012bdz\u0113ja kaimi\u0146valstij atbr\u012bvoties no ener\u0123\u0113tisk\u0101s atkar\u012bbas no Krievijas un piesl\u0113gties Eiropas energot\u012bkliem.<\/p>\n","protected":false},"excerpt":{"rendered":"K\u0101 nor\u0101da Rum\u0101nijas mediji, attiec\u012bb\u0101 uz \u0161o likumprojektu tika piem\u0113rota t\u0101 saucam\u0101 klus\u0101s pie\u0146em\u0161anas proced\u016bra. T\u0101 paredz, ka&hellip;\n","protected":false},"author":2,"featured_media":235235,"comment_status":"","ping_status":"","sticky":false,"template":"","format":"standard","meta":{"footnotes":"","_share_on_mastodon":"0"},"categories":[14],"tags":[23,57,28,29,32,33,22,30,31,35,39,38,36,37,34,40,1453,20,26,27,7436,24,25,54,55,56,21,58],"class_list":["post-235234","post","type-post","status-publish","format-standard","has-post-thumbnail","category-zinas-no-arvalstim","tag-aktualitates","tag-arvalstim","tag-breaking-news","tag-breakingnews","tag-featured-news","tag-featurednews","tag-headlines","tag-latest-news","tag-latestnews","tag-latvia","tag-latvian","tag-latviesu","tag-latviesu-valoda","tag-latviesuvaloda","tag-latvija","tag-lv","tag-moldova","tag-news","tag-popularakas-zinas","tag-popularakaszinas","tag-rumanija","tag-top-stories","tag-topstories","tag-world","tag-world-news","tag-worldnews","tag-zinas","tag-zinas-no-arvalstim"],"share_on_mastodon":{"url":"https:\/\/pubeurope.com\/@lv\/116809386162934082","error":""},"_links":{"self":[{"href":"https:\/\/www.europesays.com\/lv\/wp-json\/wp\/v2\/posts\/235234","targetHints":{"allow":["GET"]}}],"collection":[{"href":"https:\/\/www.europesays.com\/lv\/wp-json\/wp\/v2\/posts"}],"about":[{"href":"https:\/\/www.europesays.com\/lv\/wp-json\/wp\/v2\/types\/post"}],"author":[{"embeddable":true,"href":"https:\/\/www.europesays.com\/lv\/wp-json\/wp\/v2\/users\/2"}],"replies":[{"embeddable":true,"href":"https:\/\/www.europesays.com\/lv\/wp-json\/wp\/v2\/comments?post=235234"}],"version-history":[{"count":0,"href":"https:\/\/www.europesays.com\/lv\/wp-json\/wp\/v2\/posts\/235234\/revisions"}],"wp:featuredmedia":[{"embeddable":true,"href":"https:\/\/www.europesays.com\/lv\/wp-json\/wp\/v2\/media\/235235"}],"wp:attachment":[{"href":"https:\/\/www.europesays.com\/lv\/wp-json\/wp\/v2\/media?parent=235234"}],"wp:term":[{"taxonomy":"category","embeddable":true,"href":"https:\/\/www.europesays.com\/lv\/wp-json\/wp\/v2\/categories?post=235234"},{"taxonomy":"post_tag","embeddable":true,"href":"https:\/\/www.europesays.com\/lv\/wp-json\/wp\/v2\/tags?post=235234"}],"curies":[{"name":"wp","href":"https:\/\/api.w.org\/{rel}","templated":true}]}}