{"id":23530,"date":"2025-10-17T13:23:10","date_gmt":"2025-10-17T13:23:10","guid":{"rendered":"https:\/\/www.europesays.com\/lv\/23530\/"},"modified":"2025-10-17T13:23:10","modified_gmt":"2025-10-17T13:23:10","slug":"maksims-busels-ieraksta-jaunu-dziesmu-par-milestibu","status":"publish","type":"post","link":"https:\/\/www.europesays.com\/lv\/23530\/","title":{"rendered":"Maksims Busels ieraksta jaunu dziesmu par m\u012blest\u012bbu"},"content":{"rendered":"<p>\u201c\u0160\u012b vasara man bija \u013coti produkt\u012bva \u2013 daudz projektu, par kuriem es esmu patiesi pateic\u012bgs un priec\u012bgs,\u201d st\u0101sta Maksims. \u201cTom\u0113r dz\u012bve ir dz\u012bve, un l\u012bdz\u0101s darbam vienm\u0113r ir ar\u012b priv\u0101t\u0101 dz\u012bve. P\u0101rdz\u012bvojumi no t\u0101s ietekm\u0113 mani un ar\u012b manu dai\u013cradi.\u201d<\/p>\n<p>Dziesma \u201cStars\u201d ir ang\u013cu valod\u0101, un t\u0101 tapusi k\u0101 muzik\u0101ls manifest\u0113jums m\u012blest\u012bbai \u2013 sp\u0113c\u012bgai, patiesai un dzied\u0113jo\u0161ai.<\/p>\n<p>Maksims uzsver, ka vi\u0146am m\u0101ksla ir ne tikai profesija, bet ar\u012b dz\u012bvesveids, caur kuru vi\u0146\u0161 var dal\u012bties ar skat\u012bt\u0101jiem un klaus\u012bt\u0101jiem taj\u0101, kas vi\u0146am svar\u012bgs: \u201cDaudzi dom\u0101, ka aktieriem ir viegli run\u0101t par emocij\u0101m, bet paties\u012bb\u0101 t\u0101 ir profesija \u2013 veids, k\u0101 m\u0113s caur cita t\u0113la v\u0101rdiem izdz\u012bvojam savas j\u016btas, domas, s\u0101pes un prieku. M\u016bzik\u0101 es j\u016btos daudz br\u012bv\u0101k \u2013 t\u0101 man pal\u012bdz izpaust savas emocijas daudz viegl\u0101k, dzi\u013c\u0101k un paties\u0101k.\u201d<\/p>\n<p>Dziesmas ideja radusies \u0161ovasar, un t\u0101s tap\u0161ana iez\u012bm\u0113 ar\u012b jaunas rado\u0161\u0101s sadarb\u012bbas s\u0101kumu ar dzied\u0101t\u0101ju Unu Stadi, kas latvie\u0161u publikai paz\u012bstama ar\u012b k\u0101 grupas \u201cLatvian Voices\u201d dal\u012bbniece.<\/p>\n<p>Dziesmas \u201cStars\u201d m\u016bzika un v\u0101rdi ir Maksima Busela un Unas Stades kopdarbs, bet par dziesmas skan\u0113jumu r\u016bp\u0113jies Patriks Tabaks, kur\u0161 veidojis aran\u017eiju un pal\u012bdz\u0113jis tehniskaj\u0101 realiz\u0101cij\u0101.<\/p>\n<p class=\"ad-desc ad-desc-main\">Saturs turpin\u0101s p\u0113c rekl\u0101mas<\/p>\n<p class=\"ad-desc ad-desc-sec\">Rekl\u0101ma<\/p>\n<p>Maksims Busels ir latvie\u0161u aktieris un m\u016bzi\u0137is, pla\u0161\u0101k zin\u0101ms ar lom\u0101m te\u0101tr\u012b un kino, k\u0101 ar\u012b dal\u012bbu da\u017e\u0101dos muzik\u0101los projektos. Vi\u0146a darbi izce\u013cas ar emocion\u0101lu dzi\u013cumu, m\u0101ksliniecisku kvalit\u0101ti un sp\u0113ju uzrun\u0101t auditoriju ar paties\u0101m v\u0113rt\u012bb\u0101m.<\/p>\n<p class=\"tv3-fw-500\">Zi\u0146o par k\u013c\u016bdu rakst\u0101<\/p>\n<p class=\"d-md-block d-none\">Iez\u012bm\u0113 k\u013c\u016bdaino tekstu un spied Ctrl+Enter.<\/p>\n<p class=\"d-md-none d-block\">Iez\u012bm\u0113 k\u013c\u016bdaino tekstu un zi\u0146o par to!<\/p>\n","protected":false},"excerpt":{"rendered":"\u201c\u0160\u012b vasara man bija \u013coti produkt\u012bva \u2013 daudz projektu, par kuriem es esmu patiesi pateic\u012bgs un priec\u012bgs,\u201d st\u0101sta&hellip;\n","protected":false},"author":2,"featured_media":23531,"comment_status":"","ping_status":"","sticky":false,"template":"","format":"standard","meta":{"footnotes":""},"categories":[19],"tags":[89,90,35,39,38,36,37,34,40,7304],"class_list":{"0":"post-23530","1":"post","2":"type-post","3":"status-publish","4":"format-standard","5":"has-post-thumbnail","7":"category-izklaide","8":"tag-entertainment","9":"tag-izklaide","10":"tag-latvia","11":"tag-latvian","12":"tag-latviesu","13":"tag-latviesu-valoda","14":"tag-latviesuvaloda","15":"tag-latvija","16":"tag-lv","17":"tag-maksims-busels"},"share_on_mastodon":{"url":"","error":""},"_links":{"self":[{"href":"https:\/\/www.europesays.com\/lv\/wp-json\/wp\/v2\/posts\/23530","targetHints":{"allow":["GET"]}}],"collection":[{"href":"https:\/\/www.europesays.com\/lv\/wp-json\/wp\/v2\/posts"}],"about":[{"href":"https:\/\/www.europesays.com\/lv\/wp-json\/wp\/v2\/types\/post"}],"author":[{"embeddable":true,"href":"https:\/\/www.europesays.com\/lv\/wp-json\/wp\/v2\/users\/2"}],"replies":[{"embeddable":true,"href":"https:\/\/www.europesays.com\/lv\/wp-json\/wp\/v2\/comments?post=23530"}],"version-history":[{"count":0,"href":"https:\/\/www.europesays.com\/lv\/wp-json\/wp\/v2\/posts\/23530\/revisions"}],"wp:featuredmedia":[{"embeddable":true,"href":"https:\/\/www.europesays.com\/lv\/wp-json\/wp\/v2\/media\/23531"}],"wp:attachment":[{"href":"https:\/\/www.europesays.com\/lv\/wp-json\/wp\/v2\/media?parent=23530"}],"wp:term":[{"taxonomy":"category","embeddable":true,"href":"https:\/\/www.europesays.com\/lv\/wp-json\/wp\/v2\/categories?post=23530"},{"taxonomy":"post_tag","embeddable":true,"href":"https:\/\/www.europesays.com\/lv\/wp-json\/wp\/v2\/tags?post=23530"}],"curies":[{"name":"wp","href":"https:\/\/api.w.org\/{rel}","templated":true}]}}