{"id":23572,"date":"2025-10-17T14:21:07","date_gmt":"2025-10-17T14:21:07","guid":{"rendered":"https:\/\/www.europesays.com\/lv\/23572\/"},"modified":"2025-10-17T14:21:07","modified_gmt":"2025-10-17T14:21:07","slug":"aseradens-eiropai-ir-jauznemas-lielaka-atbildiba-par-savu-aizsardzibu-dienas-bizness","status":"publish","type":"post","link":"https:\/\/www.europesays.com\/lv\/23572\/","title":{"rendered":"A\u0161eradens: Eiropai ir j\u0101uz\u0146emas liel\u0101ka atbild\u012bba par savu aizsardz\u012bbu :: Dienas Bizness"},"content":{"rendered":"<p class=\"text-font font-size--text-xlarge margin-3--bottom font-weight--bold padding-1--top\">Eiropai \u0161obr\u012bd ir j\u0101uz\u0146emas liel\u0101ka atbild\u012bba par savu aizsardz\u012bbu, vienlaikus saglab\u0101jot cie\u0161o transatlantisko sadarb\u012bbu ar ASV, ceturtdien, 16. oktobr\u012b, Latvijas-Amerikas Tirdzniec\u012bbas un r\u016bpniec\u012bbas kameras (LACC) r\u012bkotaj\u0101 konferenc\u0113 &#8220;Spotlight Latvia: The Future of Our Security&#8221; paudis finan\u0161u ministrs Arvils A\u0161eradens (JV).<\/p>\n<p class=\"text-font font-size--text-xlarge margin-3--bottom\">&#8220;P\u0113c Otr\u0101 pasaules kara ASV invest\u012bcijas pal\u012bdz\u0113ja atjaunot Eiropu, radot pamatu kop\u0113jai labkl\u0101j\u012bbai. \u0160\u012b transatlantisk\u0101 saikne ir un paliek viens no pasaules stabilit\u0101tes st\u016brakme\u0146iem &#8211; Eiropas un Amerikas dro\u0161\u012bba, ekonomika un tehnolo\u0123isk\u0101 att\u012bst\u012bba ir savstarp\u0113ji atkar\u012bgas un stiprina viena otru,&#8221; uzsv\u0113ra A\u0161eradens.<\/p>\n<p class=\"text-font font-size--text-xlarge margin-3--bottom\">Run\u0101jot par turpm\u0101ko sadarb\u012bbas att\u012bst\u012bbu, finan\u0161u ministrs atz\u012bm\u0113ja, ka publisk\u0101 un priv\u0101t\u0101 sektora partner\u012bbas b\u016bs iz\u0161\u0137iro\u0161as n\u0101kamaj\u0101 transatlantisk\u0101s dro\u0161\u012bbas sadarb\u012bbas posm\u0101. Finan\u0161u ministrija turpina darbu pie cie\u0161\u0101kas publisk\u0101 un priv\u0101t\u0101 sektora sadarb\u012bbas ar Eiropas Invest\u012bciju banku (EIB) un citiem finan\u0161u partneriem, lai mazin\u0101tu riskus un piesaist\u012btu priv\u0101to kapit\u0101lu ener\u0123\u0113tikas dro\u0161\u012bbas, kiberaizsardz\u012bbas un pieg\u0101des \u0137\u0113\u017eu jom\u0101s.<\/p>\n<p class=\"text-font font-size--text-xlarge margin-3--bottom\">A\u0161eradens uzsv\u0113ra, ka Latvija un ASV dal\u0101s vienot\u0101 izpratn\u0113 &#8211; dro\u0161\u012bba un ekonomisk\u0101 notur\u012bba ir savstarp\u0113ji saist\u012btas. Vi\u0146\u0161 akcent\u0113ja, ka Amerikas inov\u0101ciju sist\u0113ma savieno p\u0113tniec\u012bbu, industriju un finanses, un Latvija att\u012bsta l\u012bdz\u012bgus instrumentus &#8211; garantiju programmas, inov\u0101ciju fondus un partner\u012bbas meh\u0101nismus, lai pal\u012bdz\u0113tu mazajiem un vid\u0113jiem uz\u0146\u0113mumiem ieviest jaun\u0101s tehnolo\u0123ijas aizsardz\u012bbas vajadz\u012bb\u0101m.<\/p>\n<p class=\"text-font font-size--text-xlarge margin-3--bottom\">&#8220;ASV uz\u0146\u0113mumi sniedz pieredzi, bet Latvijas uz\u0146\u0113mumi elast\u012bbu un digit\u0101lo kompetenci. Kop\u0101 m\u0113s varam veidot projektus kiberdro\u0161\u012bbas, datu aizsardz\u012bbas un ener\u0123\u0113tikas notur\u012bbas jom\u0101s, p\u0101rv\u0113r\u0161ot dro\u0161\u012bbas m\u0113r\u0137us konkr\u0113t\u0101s ekonomisk\u0101s iesp\u0113j\u0101s,&#8221; uzsv\u0113ra A\u0161eradens.<\/p>\n<p class=\"text-font font-size--text-xlarge margin-3--bottom\">Uzrun\u0101jot kl\u0101teso\u0161os, A\u0161eradens atz\u012bm\u0113ja, ka Latvijai dro\u0161\u012bba nav abstrakts j\u0113dziens, bet ikdienas realit\u0101te, kas prasa skaidras priorit\u0101tes un ticamu fisk\u0101lo ap\u0146em\u0161anos.<\/p>\n<p class=\"text-font font-size--text-xlarge margin-3--bottom\">A\u0161eradens nor\u0101d\u012bja, ka Latvijai dro\u0161\u012bba ir ne tikai milit\u0101rs, bet ar\u012b fisk\u0101l\u0101s dro\u0161\u012bbas jaut\u0101jums. Ministrs v\u0113rsa uzman\u012bbu, ka 2025. gad\u0101 Latvijas aizsardz\u012bbas izdevumi sasniegs 3,45% no iek\u0161zemes kopprodukta (IKP) &#8211; augst\u0101ko l\u012bmeni Latvijas v\u0113stur\u0113 un turpin\u0101s pieaugt l\u012bdz 5% no 2026. gada.<\/p>\n<p class=\"text-font font-size--text-xlarge margin-3--bottom\">&#8220;Veidojot n\u0101kam\u0101 gada valsts bud\u017eetu, m\u0113s nodro\u0161in\u0101m papildu gandr\u012bz 450 miljonus eiro bru\u0146oto sp\u0113ku att\u012bst\u012bbai, kritisk\u0101s infrastrukt\u016bras uzlabo\u0161anai, k\u0101 ar\u012b ieguld\u012bjumiem kiberdro\u0161\u012bb\u0101, bezpilota sist\u0113m\u0101s un elektronisk\u0101s aizsardz\u012bbas jom\u0101,&#8221; sac\u012bja finan\u0161u ministrs.<\/p>\n<p class=\"text-font font-size--text-xlarge margin-3--bottom\">Konference &#8220;Spotlight Latvia&#8221;, kas norisin\u0101s no 14. oktobra l\u012bdz 16. oktobrim, ir Latvijas-Amerikas Tirdzniec\u012bbas un r\u016bpniec\u012bbas kameras ikgad\u0113jais strat\u0113\u0123isk\u0101s sadarb\u012bbas forums, kas \u0161ogad \u012bpa\u0161u uzman\u012bbu piev\u0113r\u0161 dro\u0161\u012bbai, aizsardz\u012bbas industrijai, inov\u0101cij\u0101m un kiberdro\u0161\u012bbai.<\/p>\n<p class=\"text-font font-size--text-xlarge margin-3--bottom\">Konferenc\u0113 piedal\u0101s Latvijas un ASV vald\u012bbu, uz\u0146\u0113mumu, dro\u0161\u012bbas instit\u016bciju un akad\u0113misk\u0101s vides p\u0101rst\u0101vji, tostarp Eiropas Komisijas ekonomikas un produktivit\u0101tes komis\u0101rs Valdis Dombrovskis (JV), dro\u0161\u012bbas eksperti un augsta l\u012bme\u0146a nozares p\u0101rst\u0101vji. Pas\u0101kuma m\u0113r\u0137is ir p\u0101riet no diskusij\u0101m uz konkr\u0113tiem risin\u0101jumiem, kas stiprina Latvijas un ASV partner\u012bbu kop\u012bgu dro\u0161\u012bbas un ekonomisk\u0101s att\u012bst\u012bbas m\u0113r\u0137u \u012bsteno\u0161an\u0101.<\/p>\n","protected":false},"excerpt":{"rendered":"Eiropai \u0161obr\u012bd ir j\u0101uz\u0146emas liel\u0101ka atbild\u012bba par savu aizsardz\u012bbu, vienlaikus saglab\u0101jot cie\u0161o transatlantisko sadarb\u012bbu ar ASV, ceturtdien, 16.&hellip;\n","protected":false},"author":2,"featured_media":23573,"comment_status":"","ping_status":"","sticky":false,"template":"","format":"standard","meta":{"footnotes":""},"categories":[12],"tags":[23,869,77,870,28,29,867,32,33,22,30,31,35,39,38,36,37,34,871,868,40,20,26,27,24,25,21],"class_list":{"0":"post-23572","1":"post","2":"type-post","3":"status-publish","4":"format-standard","5":"has-post-thumbnail","7":"category-latvija","8":"tag-aktualitates","9":"tag-biznesa-zinas","10":"tag-bizness","11":"tag-bizness-latvija","12":"tag-breaking-news","13":"tag-breakingnews","14":"tag-dienas-zinas","15":"tag-featured-news","16":"tag-featurednews","17":"tag-headlines","18":"tag-latest-news","19":"tag-latestnews","20":"tag-latvia","21":"tag-latvian","22":"tag-latviesu","23":"tag-latviesu-valoda","24":"tag-latviesuvaloda","25":"tag-latvija","26":"tag-latvijas-biznesa-zinas","27":"tag-latvijas-zinas","28":"tag-lv","29":"tag-news","30":"tag-popularakas-zinas","31":"tag-popularakaszinas","32":"tag-top-stories","33":"tag-topstories","34":"tag-zinas"},"share_on_mastodon":{"url":"","error":""},"_links":{"self":[{"href":"https:\/\/www.europesays.com\/lv\/wp-json\/wp\/v2\/posts\/23572","targetHints":{"allow":["GET"]}}],"collection":[{"href":"https:\/\/www.europesays.com\/lv\/wp-json\/wp\/v2\/posts"}],"about":[{"href":"https:\/\/www.europesays.com\/lv\/wp-json\/wp\/v2\/types\/post"}],"author":[{"embeddable":true,"href":"https:\/\/www.europesays.com\/lv\/wp-json\/wp\/v2\/users\/2"}],"replies":[{"embeddable":true,"href":"https:\/\/www.europesays.com\/lv\/wp-json\/wp\/v2\/comments?post=23572"}],"version-history":[{"count":0,"href":"https:\/\/www.europesays.com\/lv\/wp-json\/wp\/v2\/posts\/23572\/revisions"}],"wp:featuredmedia":[{"embeddable":true,"href":"https:\/\/www.europesays.com\/lv\/wp-json\/wp\/v2\/media\/23573"}],"wp:attachment":[{"href":"https:\/\/www.europesays.com\/lv\/wp-json\/wp\/v2\/media?parent=23572"}],"wp:term":[{"taxonomy":"category","embeddable":true,"href":"https:\/\/www.europesays.com\/lv\/wp-json\/wp\/v2\/categories?post=23572"},{"taxonomy":"post_tag","embeddable":true,"href":"https:\/\/www.europesays.com\/lv\/wp-json\/wp\/v2\/tags?post=23572"}],"curies":[{"name":"wp","href":"https:\/\/api.w.org\/{rel}","templated":true}]}}