{"id":235943,"date":"2026-06-26T04:52:12","date_gmt":"2026-06-26T04:52:12","guid":{"rendered":"https:\/\/www.europesays.com\/lv\/235943\/"},"modified":"2026-06-26T04:52:12","modified_gmt":"2026-06-26T04:52:12","slug":"virsligas-favoritiem-tuksas-speles-un-zaudeti-punkti-jelgavnieki-gust-piecus-vartus-delfi","status":"publish","type":"post","link":"https:\/\/www.europesays.com\/lv\/235943\/","title":{"rendered":"Virsl\u012bgas favor\u012btiem &quot;tuk\u0161\u0101s&quot; sp\u0113les un zaud\u0113ti punkti, jelgavnieki g\u016bst piecus v\u0101rtus &#8211; Delfi"},"content":{"rendered":"<ol>\n<li><a href=\"https:\/\/news.google.com\/rss\/articles\/CBMi1AFBVV95cUxPc2w2Q2N6Rk1lMmVET3FCUkZ0amtDS2Y0ZFctYlpPTWNGVHR6R29JLVExQ3NKZ0J6cXJlWjl0SGFuU28tUHdPUEtRRGRmdENfV2NwZzJOQ1p1RFRVY2tZTGdmRGhFbE40V3prYmZTT1BWcG5sMGVHaEd5eG80VG5PeGQtQUZwaVpNOEVoZnZNUm1pWE8xSE52MmNaaWh1Yi1VZEpUVWwtVUd1NGRJNmFjQ3Z5N1ZTb3NTUjhnNDBuamZtZUtzcmtCZ00yYk9uS0h0LTdNeQ?oc=5\" target=\"_blank\" rel=\"nofollow noopener\">Virsl\u012bgas favor\u012btiem &#8220;tuk\u0161\u0101s&#8221; sp\u0113les un zaud\u0113ti punkti, jelgavnieki g\u016bst piecus v\u0101rtus<\/a>&nbsp;&nbsp;Delfi<\/li>\n<li><a href=\"https:\/\/news.google.com\/rss\/articles\/CBMilwFBVV95cUxQcmRySDRoMEtmSjFEaE8tcWhJQzR2NWJCVXU1X2JiNHMxTTdDU3pDaFoxdE1jb2JFVnFVYXVpeXJjXzVrS01Oa0p0RUFyRVRJczZUamNMQm1QRVliUnRpaXFscktVNFUwbW1hLWRHc2NxVTBMWWZXUG9YQkZiME1QLTVvUlpwdjVuMzRMOU41aUlfeGJ5T2FV?oc=5\" target=\"_blank\" rel=\"nofollow noopener\">\u010cempione &#8221;Riga&#8221; tre\u0161o reizi v\u0113stur\u0113 nesp\u0113j g\u016bt v\u0101rtus pret &#8221;Daugavpili&#8221; \u2013 Futbols<\/a>&nbsp;&nbsp;Sportacentrs.com<\/li>\n<li><a href=\"https:\/\/news.google.com\/rss\/articles\/CBMilwFBVV95cUxOa19rZUxCZDhtV2NvVUVGRkkzY2paN3BYSWdYZXNjVlZDbU1jXzU2TGFWSkpQX1JhTk45WlJOek1IdjhnSTd4SGtnbVptWmp1bEw3MWF1a0RlZnRJT2JTWGs4SXpPQlhtTGJTdXhrQk5VTVJXTDlfLUt4RnU3Q0Y2aUUzVTRvUlBvRTlYVUJQN0ZmR1JjeXFN?oc=5\" target=\"_blank\" rel=\"nofollow noopener\">Video: P\u0113c neieskait\u012btiem v\u0101rtiem &#8220;Grobi\u0146a&#8221; un &#8220;Auda&#8221; sp\u0113le nosl\u0113dzas saus\u0101 \u2013 Futbols<\/a>&nbsp;&nbsp;Sportacentrs.com<\/li>\n<li><a href=\"https:\/\/news.google.com\/rss\/articles\/CBMisgFBVV95cUxQRVBxUmVQOU8xeENuOEVYaWNJN09OazVybnpSN253SmpFMTF3NGloUTRyM1NmVWtKZmIzRk1ERG0tbkR0dG5KTWFjZHRpRjZFMS15em5IZ3ZyR2h3SXBia0s1VnppVjZINFBFWTJaZ3p6T2RlbHptbDVaYTlLclFhRVp0Z21ieXlOV0VadWN1TW5NVlh5UW5VdnhxeUY5TnF5U01COVpkUlkxTjRERDJhanFR?oc=5\" target=\"_blank\" rel=\"nofollow noopener\">&#8220;Grobi\u0146a&#8221; at\u0146em punktus &#8220;Audai&#8221;, kas krietni atpaliek no virsl\u012bgas l\u012bderu dueta<\/a>&nbsp;&nbsp;Jauns.lv<\/li>\n<li><a href=\"https:\/\/news.google.com\/rss\/articles\/CBMivwFBVV95cUxQWmhlY2FpcUV6b1NlQkRDMmJuT3hJYWhuaERNaGVNNGtGaVVPS2V0WGxXOUVDXzltb2F0UC1LWi1EelM3NUFlclhPcWZSUWZHc3JsTEVmWE9lNS1OeFJCRjd1cHRRQmMwc0trT21VSEhiRDdxa0ZBTlRzVjh0bnYxa2ZWZXFwTVNTTUZIdzR3WGM2NDhDSW1rSHNoR1F5WnBERWpNbUgyc3JYclZNOHZqNncxSnIwTnI3SGFDWGpVOA?oc=5\" target=\"_blank\" rel=\"nofollow noopener\">\u010cempioni neg\u016bst v\u0101rtus Daugavpil\u012b. Virsl\u012bgas 20. k\u0101rtas ievad\u0101 divi 0:0 neiz\u0161\u0137irti<\/a>&nbsp;&nbsp;Inbox.lv<\/li>\n<\/ol>\n","protected":false},"excerpt":{"rendered":"Virsl\u012bgas favor\u012btiem &#8220;tuk\u0161\u0101s&#8221; sp\u0113les un zaud\u0113ti punkti, jelgavnieki g\u016bst piecus v\u0101rtus&nbsp;&nbsp;Delfi \u010cempione &#8221;Riga&#8221; tre\u0161o reizi v\u0113stur\u0113 nesp\u0113j g\u016bt&hellip;\n","protected":false},"author":2,"featured_media":235944,"comment_status":"","ping_status":"","sticky":false,"template":"","format":"standard","meta":{"footnotes":"","_share_on_mastodon":"0"},"categories":[17],"tags":[34935,34934,33867,34933,35,39,38,36,37,34,40,3553,67,33865,605],"class_list":["post-235943","post","type-post","status-publish","format-standard","has-post-thumbnail","category-sports","tag-auda-fk","tag-daugavpils-bfc","tag-grobina-fk","tag-jelgava-fk","tag-latvia","tag-latvian","tag-latviesu","tag-latviesu-valoda","tag-latviesuvaloda","tag-latvija","tag-lv","tag-riga-fc","tag-sports","tag-super-nova-fk","tag-virsliga"],"share_on_mastodon":{"url":"https:\/\/pubeurope.com\/@lv\/116814619812424836","error":""},"_links":{"self":[{"href":"https:\/\/www.europesays.com\/lv\/wp-json\/wp\/v2\/posts\/235943","targetHints":{"allow":["GET"]}}],"collection":[{"href":"https:\/\/www.europesays.com\/lv\/wp-json\/wp\/v2\/posts"}],"about":[{"href":"https:\/\/www.europesays.com\/lv\/wp-json\/wp\/v2\/types\/post"}],"author":[{"embeddable":true,"href":"https:\/\/www.europesays.com\/lv\/wp-json\/wp\/v2\/users\/2"}],"replies":[{"embeddable":true,"href":"https:\/\/www.europesays.com\/lv\/wp-json\/wp\/v2\/comments?post=235943"}],"version-history":[{"count":0,"href":"https:\/\/www.europesays.com\/lv\/wp-json\/wp\/v2\/posts\/235943\/revisions"}],"wp:featuredmedia":[{"embeddable":true,"href":"https:\/\/www.europesays.com\/lv\/wp-json\/wp\/v2\/media\/235944"}],"wp:attachment":[{"href":"https:\/\/www.europesays.com\/lv\/wp-json\/wp\/v2\/media?parent=235943"}],"wp:term":[{"taxonomy":"category","embeddable":true,"href":"https:\/\/www.europesays.com\/lv\/wp-json\/wp\/v2\/categories?post=235943"},{"taxonomy":"post_tag","embeddable":true,"href":"https:\/\/www.europesays.com\/lv\/wp-json\/wp\/v2\/tags?post=235943"}],"curies":[{"name":"wp","href":"https:\/\/api.w.org\/{rel}","templated":true}]}}