{"id":23598,"date":"2025-10-17T15:16:13","date_gmt":"2025-10-17T15:16:13","guid":{"rendered":"https:\/\/www.europesays.com\/lv\/23598\/"},"modified":"2025-10-17T15:16:13","modified_gmt":"2025-10-17T15:16:13","slug":"socialas-uznemejdarbibas-konkursa-tam-labam-bus-augt-2025-finala-skaistakie-mirkli","status":"publish","type":"post","link":"https:\/\/www.europesays.com\/lv\/23598\/","title":{"rendered":"Soci\u0101l\u0101s uz\u0146\u0113m\u0113jdarb\u012bbas konkursa &#8220;Tam labam b\u016bs augt 2025&#8221; fin\u0101la skaist\u0101kie mirk\u013ci"},"content":{"rendered":"<p>Ar iedvesmu, aplausiem un sirsn\u012bgu kop\u0101b\u016b\u0161anu 16. oktobra vakar\u0101 nosl\u0113dz\u0101s ikgad\u0113jais soci\u0101l\u0101s uz\u0146\u0113m\u0113jdarb\u012bbas pi\u010du konkurss &#8220;Tam labam b\u016bs augt&#8221;, kur\u0101 tika godin\u0101tas 2025. gada spo\u017e\u0101k\u0101s iniciat\u012bvas. &#8220;<a rel=\"noopener nofollow\" target=\"_blank\" href=\"https:\/\/www.delfi.lv\/temas\/49104925\/delfi\" tag-id=\"49104925\">Delfi<\/a> Bizness&#8221; pied\u0101v\u0101 foto atskatu uz \u0161o notikumu. <\/p>\n<p>K\u0101 v\u0113st\u012bts, konkursa \u017e\u016brijas balvu sa\u0146\u0113ma darba integr\u0101cijas uz\u0146\u0113mums &#8220;4 v\u0113ji&#8221; no Jelgavas novada, savuk\u0101rt &#8220;<a rel=\"noopener nofollow\" target=\"_blank\" href=\"https:\/\/www.delfi.lv\/temas\/49104925\/delfi\" data-rel-date-range=\"[]\">Delfi<\/a>&#8221; balvu sa\u0146\u0113ma &#8220;Hospiss M\u0101ja&#8221;.<\/p>\n<p class=\"MsoNormal\">Soci\u0101lais uz\u0146\u0113mums &#8220;4 v\u0113ji&#8221; nodarbojas ar gofr\u0113t\u0101 kartona un t\u0101 iepakojuma ra\u017eo\u0161anu, kartona un pap\u012bra smalcin\u0101\u0161anu ar galveno m\u0113r\u0137i \u2013 apm\u0101c\u012bt un iesaist\u012bt darba tirg\u016b cilv\u0113kus no soci\u0101l\u0101s atstumt\u012bbas riska grup\u0101m, galvenok\u0101rt personas ar gar\u012bga rakstura trauc\u0113jumiem. Par ieg\u016bto naudas balvu &#8220;4 v\u0113ji&#8221; rad\u012bs v\u0113l vair\u0101k darba vietu, att\u012bstot jaunu pakalpojumu \u2013 ra\u017eo\u0161anas telpu uzkop\u0161anu. \u0160im nol\u016bkam tiks ieg\u0101d\u0101ta profesion\u0101la tehnika \u2013 gr\u012bdu mazg\u0101\u0161anas iek\u0101rta.<\/p>\n<p class=\"MsoNormal\">Konkursa tie\u0161raidi bija iesp\u0113jams v\u0113rot tie\u0161saist\u0113, un skat\u012bt\u0101ji var\u0113ja balsot par savu favor\u012btu, t\u0101d\u0113j\u0101di nosakot otru konkursa uzvar\u0113t\u0101ju. Skat\u012bt\u0101ju balvu sa\u0146\u0113ma &#8220;Augusti\u0146a istaba&#8221; \u2013 vieta, kas rad\u012bta b\u0113rniem no dzim\u0161anas l\u012bdz 4 gadu vecumam un vi\u0146u vec\u0101kiem. Par ieg\u016bto naudas balvu iecer\u0113ts att\u012bst\u012bt jau otru &#8220;Augusti\u0146a istabu&#8221; \u2013 Dreili\u0146os.<\/p>\n<p class=\"MsoNormal\">Konkursa &#8220;Tam labam b\u016bs augt&#8221; fin\u0101l\u0101 soci\u0101l\u0101s uz\u0146\u0113m\u0113jdarb\u012bbas idejas prezent\u0113ja 10 soci\u0101lie uz\u0146\u0113m\u0113ji no da\u017e\u0101d\u0101m Latvijas viet\u0101m, kas jau ikdien\u0101 stabili str\u0101d\u0101 un risina da\u017e\u0101das sabiedr\u012bbai noz\u012bm\u012bgas probl\u0113mas.<\/p>\n<p class=\"MsoNormal\">Konkursa fin\u0101listiem tika pie\u0161\u0137irtas ar\u012b vair\u0101kas simp\u0101tiju balvas. Att\u012bst\u012bbas finan\u0161u instit\u016bcija &#8220;<a rel=\"noopener nofollow\" target=\"_blank\" href=\"https:\/\/www.delfi.lv\/temas\/44457082\/altum\" data-rel-date-range=\"[]\">Altum<\/a>&#8221; savu balvu pie\u0161\u0137\u012bra soci\u0101lajam uz\u0146\u0113mumam &#8220;HopeArt&#8221; no Liep\u0101jas, kas dod iesp\u0113ju jaunie\u0161iem g\u016bt pirmo darba pieredzi un att\u012bst\u012bt rado\u0161\u0101s prasmes, kop\u0101 ar profesion\u0101liem m\u0101ksliniekiem radot gleznas.<\/p>\n<p class=\"MsoNormal\">Soci\u0101l\u0101s uz\u0146\u0113m\u0113jdarb\u012bbas pionieris Latvij\u0101 &#8220;Otr\u0101 Elpa&#8221; balvu pasniedza Camphill nodibin\u0101jumam &#8220;Ro\u017ekalni&#8221; no Valmieras novada, kas ir soci\u0101lterapeitiska kopiena lauku vid\u0113, kur neliel\u0101 ciemat\u0101 ar atbalsta person\u0101lu dz\u012bvo un sertific\u0113t\u0101 biolo\u0123isk\u0101 saimniec\u012bb\u0101 str\u0101d\u0101 cilv\u0113ki ar gar\u012bga rakstura trauc\u0113jumiem. <\/p>\n<p class=\"MsoNormal\">&#8220;<a rel=\"noopener nofollow\" target=\"_blank\" href=\"https:\/\/www.delfi.lv\/temas\/56420220\/luminor-1\" tag-id=\"56420220\">Luminor<\/a>&#8221; banka apbalvoja Ogres novad\u0101 eso\u0161o Desertn\u012bcu &#8220;Pasta M\u0101ja&#8221;. Tur nesteidz\u012bg\u0101 gaisotn\u0113, baudot gardus desertus un dz\u0113rienus, viesi var uzrakst\u012bt v\u0113stuli, kuru fiziski sa\u0146emt pastkast\u012bt\u0113 p\u0113c 1, 5 vai 10 gadiem. G\u016bt\u0101 pe\u013c\u0146a tiek novirz\u012bta da\u017e\u0101du <a rel=\"noopener nofollow\" target=\"_blank\" href=\"https:\/\/www.delfi.lv\/temas\/45161026\/labdariba\" data-rel-date-range=\"[]\">labdar\u012bbas<\/a> aktivit\u0101\u0161u \u012bsteno\u0161anai.<\/p>\n<p class=\"MsoNormal\">Zi\u0146u medija &#8220;Delfi&#8221; simp\u0101tiju balvu sa\u0146\u0113ma soci\u0101lais uz\u0146\u0113mums &#8220;Hospiss M\u0101ja&#8221;, kas sniedz apmaks\u0101tus paliat\u012bv\u0101s apr\u016bpes un hospisa pakalpojumus cilv\u0113kiem dz\u012bves nosl\u0113guma posm\u0101. Uz\u0146\u0113muma galvenais m\u0113r\u0137is ir nodro\u0161in\u0101t cie\u0146pilnu un kvalitat\u012bvu apr\u016bpi m\u0101jas vid\u0113, lai cilv\u0113ks var aiziet no dz\u012bves mier\u0101 un tuvinieku lok\u0101.<\/p>\n<p class=\"MsoNormal\">Savuk\u0101rt Latvijas Soci\u0101l\u0101s uz\u0146\u0113m\u0113jdarb\u012bbas asoci\u0101cija savu simp\u0101tiju balvu pie\u0161\u0137\u012bra &#8220;Ment\u0101l\u0101s vesel\u012bbas centram&#8221;, kas sniedz kvalitat\u012bvus, pla\u0161i pieejamus un efekt\u012bvus ment\u0101l\u0101s vesel\u012bbas pakalpojumus da\u017e\u0101d\u0101m sabiedr\u012bbas grup\u0101m, ar \u012bpa\u0161u uzsvaru uz v\u012brie\u0161iem. <\/p>\n<p class=\"MsoNormal\">Konkurs\u0101 tika prezent\u0113tas v\u0113l \u0161\u0101das soci\u0101l\u0101s uz\u0146\u0113m\u0113jdarb\u012bbas iniciat\u012bvas: soci\u0101lais uz\u0146\u0113mums &#8220;Vilbers&#8221; no Ropa\u017eu novada, kas ra\u017eo specializ\u0113tu ap\u0123\u0113rbu cilv\u0113kiem ar da\u017e\u0101da veida kust\u012bbu trauc\u0113jumiem; &#8220;M\u0101jas Tuvu&#8221; no Jelgavas novada, kas apvieno kult\u016brtelpu &#8220;Branku Bran\u010dotava&#8221; un labdar\u012bbas veikalus &#8220;Tuvu&#8221; un ieg\u016btos l\u012bdzek\u013cus novirza da\u017e\u0101du labdar\u012bbas iniciat\u012bvu \u012bsteno\u0161anai; soci\u0101lais uz\u0146\u0113mums &#8220;BEZVESTS.LV SOS&#8221;, kas, balstoties uz vair\u0101k nek\u0101 16 gadu pieredzi cilv\u0113ku mekl\u0113\u0161anas darbos, ir izstr\u0101d\u0101jis personaliz\u0113tu gl\u0101b\u0161anas sist\u0113mu &#8220;SOSPRO&#8221;.<\/p>\n<p class=\"MsoNormal\">Konkursu &#8220;Tam labam b\u016bs augt&#8221; jau astoto gadu organiz\u0113 Latvijas Soci\u0101l\u0101s uz\u0146\u0113m\u0113jdarb\u012bbas asoci\u0101cija sadarb\u012bb\u0101 ar &#8220;Luminor&#8221; banku ar m\u0113r\u0137i veicin\u0101t jau eso\u0161u soci\u0101lo uz\u0146\u0113mumu un jaunu soci\u0101l\u0101s uz\u0146\u0113m\u0113jdarb\u012bbas ideju att\u012bst\u012bbu, k\u0101 ar\u012b past\u0101st\u012bt par \u0161\u012bm idej\u0101m visai Latvijai.<\/p>\n<p class=\"m-0\">Seko &#8220;Delfi&#8221; ar\u012b  <a target=\"_blank\" href=\"https:\/\/www.instagram.com\/delfi.lv\/\" rel=\"nofollow noopener\">Instagram<\/a>  un <a target=\"_blank\" href=\"https:\/\/www.youtube.com\/channel\/UCw5foWtcJvAbUm64rv7jwUQ\" rel=\"nofollow noopener\">YouTube<\/a>  profil\u0101 \u2013 pievienojies, lai uzzin\u0101tu svar\u012bg\u0101ko un interesant\u0101ko pirmais!<\/p>\n<p>Publik\u0101cijas saturs vai t\u0101s jebk\u0101da apjoma da\u013ca ir aizsarg\u0101ts autorties\u012bbu objekts Autorties\u012bbu likuma izpratn\u0113, un t\u0101 izmanto\u0161ana bez izdev\u0113ja at\u013caujas ir aizliegta. Vair\u0101k lasi  <a target=\"_blank\" href=\"https:\/\/www.delfi.lv\/noteikumi#autortiesibas\" rel=\"nofollow noopener\">\u0161eit<\/a><script async src=\"\/\/www.instagram.com\/embed.js\"><\/script><\/p>\n","protected":false},"excerpt":{"rendered":"Ar iedvesmu, aplausiem un sirsn\u012bgu kop\u0101b\u016b\u0161anu 16. oktobra vakar\u0101 nosl\u0113dz\u0101s ikgad\u0113jais soci\u0101l\u0101s uz\u0146\u0113m\u0113jdarb\u012bbas pi\u010du konkurss &#8220;Tam labam b\u016bs&hellip;\n","protected":false},"author":2,"featured_media":23599,"comment_status":"","ping_status":"","sticky":false,"template":"","format":"standard","meta":{"footnotes":""},"categories":[5],"tags":[23,7004,28,29,7105,7221,32,33,22,30,31,35,39,38,36,37,34,7320,40,20,26,27,24,25,21],"class_list":{"0":"post-23598","1":"post","2":"type-post","3":"status-publish","4":"format-standard","5":"has-post-thumbnail","7":"category-aktualitates","8":"tag-aktualitates","9":"tag-altum","10":"tag-breaking-news","11":"tag-breakingnews","12":"tag-delfi","13":"tag-eiropas-zinas","14":"tag-featured-news","15":"tag-featurednews","16":"tag-headlines","17":"tag-latest-news","18":"tag-latestnews","19":"tag-latvia","20":"tag-latvian","21":"tag-latviesu","22":"tag-latviesu-valoda","23":"tag-latviesuvaloda","24":"tag-latvija","25":"tag-luminor","26":"tag-lv","27":"tag-news","28":"tag-popularakas-zinas","29":"tag-popularakaszinas","30":"tag-top-stories","31":"tag-topstories","32":"tag-zinas"},"share_on_mastodon":{"url":"","error":""},"_links":{"self":[{"href":"https:\/\/www.europesays.com\/lv\/wp-json\/wp\/v2\/posts\/23598","targetHints":{"allow":["GET"]}}],"collection":[{"href":"https:\/\/www.europesays.com\/lv\/wp-json\/wp\/v2\/posts"}],"about":[{"href":"https:\/\/www.europesays.com\/lv\/wp-json\/wp\/v2\/types\/post"}],"author":[{"embeddable":true,"href":"https:\/\/www.europesays.com\/lv\/wp-json\/wp\/v2\/users\/2"}],"replies":[{"embeddable":true,"href":"https:\/\/www.europesays.com\/lv\/wp-json\/wp\/v2\/comments?post=23598"}],"version-history":[{"count":0,"href":"https:\/\/www.europesays.com\/lv\/wp-json\/wp\/v2\/posts\/23598\/revisions"}],"wp:featuredmedia":[{"embeddable":true,"href":"https:\/\/www.europesays.com\/lv\/wp-json\/wp\/v2\/media\/23599"}],"wp:attachment":[{"href":"https:\/\/www.europesays.com\/lv\/wp-json\/wp\/v2\/media?parent=23598"}],"wp:term":[{"taxonomy":"category","embeddable":true,"href":"https:\/\/www.europesays.com\/lv\/wp-json\/wp\/v2\/categories?post=23598"},{"taxonomy":"post_tag","embeddable":true,"href":"https:\/\/www.europesays.com\/lv\/wp-json\/wp\/v2\/tags?post=23598"}],"curies":[{"name":"wp","href":"https:\/\/api.w.org\/{rel}","templated":true}]}}