{"id":23606,"date":"2025-10-17T15:30:07","date_gmt":"2025-10-17T15:30:07","guid":{"rendered":"https:\/\/www.europesays.com\/lv\/23606\/"},"modified":"2025-10-17T15:30:07","modified_gmt":"2025-10-17T15:30:07","slug":"%e2%80%b3to-nevar-nosaukt-par-demokratiju-%e2%80%b3-fia-prezidents-sulajems-bez-cinas-saglabas-amatu-motoru-sports-sportacentrs-com","status":"publish","type":"post","link":"https:\/\/www.europesays.com\/lv\/23606\/","title":{"rendered":"\u2033To nevar nosaukt par demokr\u0101tiju.\u2033 FIA prezidents Sulajems bez c\u012b\u0146as saglab\u0101s amatu \u2013 Motoru sports \u2013 Sportacentrs.com"},"content":{"rendered":"<p>FIA prezidenta v\u0113l\u0113\u0161anas noteikumi paredz, ka katram kandid\u0101tam j\u0101izvirza pa vienam potenci\u0101lajam viceprezidentam no katra FIA re\u0123iona. FIA padom\u0113, no kuras j\u0101izv\u0113las \u0161ie viceprezidenta kandid\u0101ti, ir tikai viena Dienvidamerikas p\u0101rst\u0101ve \u2013 B\u0113rnija Eklstona sieva Fabiana.<\/p>\n<p>Vi\u0146u sav\u0101 komand\u0101 jau iek\u013c\u0101vis Sulajems, l\u012bdz ar to Meieram vairs nav iesp\u0113ju kandid\u0113t uz prezidenta amatu, jo vi\u0146am nav iesp\u0113ju izvirz\u012bt viceprezidenta kandid\u0101tu no Dienvidamerikas.<\/p>\n<p>\u2033Kad v\u0113l\u0113\u0161anas tiek noteiktas v\u0113l pirms bi\u013cetenu izdal\u012b\u0161anas, to nevar nosaukt par demokr\u0101tiju. Tas dr\u012bz\u0101k ir te\u0101tris. Kad [FIA] biedriem nav re\u0101las izv\u0113les, tie k\u013c\u016bst par skat\u012bt\u0101jiem, nevis dal\u012bbniekiem,\u2033 Meieru cit\u0113 BBC.<\/p>\n<p>J\u0101atz\u012bm\u0113, ka FIA pasaules padom\u0113 atv\u0113l\u0113ta vieta tikai vienam Dienvidamerikas un diviem \u0100frikas re\u0123iona p\u0101rst\u0101vjiem.<\/p>\n<p>Meiers ir biju\u0161\u0101 \u2033McLaren\u2033 komandas vad\u012bt\u0101ja Edvarda Meiera d\u0113ls. Vi\u0146\u0161 ilgus gadus pild\u012bja F1 tiesne\u0161a pien\u0101kumus, bet p\u0113rn Sulajems vi\u0146u atbr\u012bvoja no \u0161iem pien\u0101kumiem.<\/p>\n<p>Sulajems FIA prezidenta kr\u0113slu ie\u0146em kop\u0161 2021. gada, kad amat\u0101 nomain\u012bja \u017danu Todu.<\/p>\n<p>Izmantotie resursi:<br \/><a target=\"_blank\" href=\"https:\/\/www.bbc.co.uk\/sport\/formula1\/articles\/czxnve0kezvo\" rel=\"nofollow noopener\">https:\/\/www.bbc.co.uk\/sport\/formula&#8230;<\/a><\/p>\n","protected":false},"excerpt":{"rendered":"FIA prezidenta v\u0113l\u0113\u0161anas noteikumi paredz, ka katram kandid\u0101tam j\u0101izvirza pa vienam potenci\u0101lajam viceprezidentam no katra FIA re\u0123iona. FIA&hellip;\n","protected":false},"author":2,"featured_media":23607,"comment_status":"","ping_status":"","sticky":false,"template":"","format":"standard","meta":{"footnotes":""},"categories":[17],"tags":[35,39,38,36,37,34,40,165,67],"class_list":{"0":"post-23606","1":"post","2":"type-post","3":"status-publish","4":"format-standard","5":"has-post-thumbnail","7":"category-sports","8":"tag-latvia","9":"tag-latvian","10":"tag-latviesu","11":"tag-latviesu-valoda","12":"tag-latviesuvaloda","13":"tag-latvija","14":"tag-lv","15":"tag-motoru-sports","16":"tag-sports"},"share_on_mastodon":{"url":"","error":""},"_links":{"self":[{"href":"https:\/\/www.europesays.com\/lv\/wp-json\/wp\/v2\/posts\/23606","targetHints":{"allow":["GET"]}}],"collection":[{"href":"https:\/\/www.europesays.com\/lv\/wp-json\/wp\/v2\/posts"}],"about":[{"href":"https:\/\/www.europesays.com\/lv\/wp-json\/wp\/v2\/types\/post"}],"author":[{"embeddable":true,"href":"https:\/\/www.europesays.com\/lv\/wp-json\/wp\/v2\/users\/2"}],"replies":[{"embeddable":true,"href":"https:\/\/www.europesays.com\/lv\/wp-json\/wp\/v2\/comments?post=23606"}],"version-history":[{"count":0,"href":"https:\/\/www.europesays.com\/lv\/wp-json\/wp\/v2\/posts\/23606\/revisions"}],"wp:featuredmedia":[{"embeddable":true,"href":"https:\/\/www.europesays.com\/lv\/wp-json\/wp\/v2\/media\/23607"}],"wp:attachment":[{"href":"https:\/\/www.europesays.com\/lv\/wp-json\/wp\/v2\/media?parent=23606"}],"wp:term":[{"taxonomy":"category","embeddable":true,"href":"https:\/\/www.europesays.com\/lv\/wp-json\/wp\/v2\/categories?post=23606"},{"taxonomy":"post_tag","embeddable":true,"href":"https:\/\/www.europesays.com\/lv\/wp-json\/wp\/v2\/tags?post=23606"}],"curies":[{"name":"wp","href":"https:\/\/api.w.org\/{rel}","templated":true}]}}