{"id":236176,"date":"2026-06-26T09:14:16","date_gmt":"2026-06-26T09:14:16","guid":{"rendered":"https:\/\/www.europesays.com\/lv\/236176\/"},"modified":"2026-06-26T09:14:16","modified_gmt":"2026-06-26T09:14:16","slug":"horoskops-piektdienai-26-junijam-apollo-lv","status":"publish","type":"post","link":"https:\/\/www.europesays.com\/lv\/236176\/","title":{"rendered":"Horoskops piektdienai &#8211; 26. j\u016bnijam &#8211; Apollo.lv"},"content":{"rendered":"<ol>\n<li><a href=\"https:\/\/news.google.com\/rss\/articles\/CBMib0FVX3lxTE94NmRkeHFJU2V5QVdaXy00LTNMdF92SUpial9UckgzNDN4SjRhckhEOVROcDROZld3NFZ0RHdtZnk1WUJkdDdSRmhTZGhnSGduS0NqM19meGhhTDd4YWhMR1haVEg3MmppVlRfZEQwOA?oc=5\" target=\"_blank\" rel=\"nofollow noopener\">Horoskops piektdienai &#8211; 26. j\u016bnijam<\/a>&nbsp;&nbsp;Apollo.lv<\/li>\n<li><a href=\"https:\/\/news.google.com\/rss\/articles\/CBMipAFBVV95cUxNSTVsclVRbUVRcnJOclZWZ09SeHhpRmt6MHFpRkJPXy15WXJwRmlTbU5TYUw1TjFzWV80UGVRRFlrVFdPLV9GVS1jYXBkN0I2a2tlcldTcTNjaGU4UEk0X0NFUmZzejVDSWlENjhFdVZiQWpxdk5PNE9GQV9lWGlDclNpczRvb01GRUpKM3loa3ZiVmh4ODlWX2tqRWVzcWU2aUd6Xw?oc=5\" target=\"_blank\" rel=\"nofollow noopener\">Horoskopi 26. j\u016bnijam. \u0160odien v\u0113lams saglab\u0101t modr\u012bbu un nepalaist notikumus pa\u0161pl\u016bsm\u0101<\/a>&nbsp;&nbsp;LA.LV<\/li>\n<li><a href=\"https:\/\/news.google.com\/rss\/articles\/CBMiuAFBVV95cUxNajFSSGQ2MktZenREZGczcEZOTS0teDZpdjFiWmdRZE5PemZCUFpOcUczem13TEx6bkhtcXZORGJXb2NCY2xtUnJiVXprZkRpcHA5azV2ZFZ0bkFsT0F2OTVPejJ5TmluRE5ILUNSSnlyYlRSbFRkQmo2X2FtdEdNeHdKM09WSkFxYk56NGFpdWdOS1M3N0JvYktzbW5wa19yaEtNdHVhcDkwRUhNRHFsakhjSWlfUjNY?oc=5\" target=\"_blank\" rel=\"nofollow noopener\">Volodina uzskaita \u010detras horoskopa z\u012bmes, kur\u0101m 2026. gada 26. j\u016bnijs nes\u012bs \u012bpa\u0161u veiksmi<\/a>&nbsp;&nbsp;Dzentlmenis.lv<\/li>\n<li><a href=\"https:\/\/news.google.com\/rss\/articles\/CBMijgFBVV95cUxPOGhlekg4ckdaQzl6amU0dWk3eFRlSVZ6Y3ZZR01SZlBXczM4M293aGtyQmY5N0ZUaFRidUsxUW5aVTVKWUd5QUc0emMyMmpfeERZYTJFQ25yc2F3STMyQ1NiQmpEWlNjQVJBcThKUXJYTGhDN0hfNTBKSDVYZzFwZklHRXdJbTJfSGw1dEJn?oc=5\" target=\"_blank\" rel=\"nofollow noopener\">Ned\u0113\u013cas horoskops 26. j\u016bnijam &#8211; 2. j\u016blijam<\/a>&nbsp;&nbsp;Diena<\/li>\n<li><a href=\"https:\/\/news.google.com\/rss\/articles\/CBMic0FVX3lxTE9hbnNXOXcycTRHQ19pU2JQRVcwR3c4R2FWekZRUEJqbG5yZVZHejFoNjg3NkpjZUdQQmg2RDBqYWs5cE5HQTlhTXU3bzZWcHlfeWlyTTJONFhtM0dTYndaZU44ajJwOGRfakQwakZ5LVpTR3M?oc=5\" target=\"_blank\" rel=\"nofollow noopener\">Dv\u012b\u0146i sastapsies ar nesapratni, Str\u0113lniekiem attiec\u012bb\u0101s j\u0101ie\u0146em pas\u012bva nost\u0101ja \u2013 26. j\u016bnija horoskops<\/a>&nbsp;&nbsp;tv3.lv<\/li>\n<\/ol>\n","protected":false},"excerpt":{"rendered":"Horoskops piektdienai &#8211; 26. j\u016bnijam&nbsp;&nbsp;Apollo.lv Horoskopi 26. j\u016bnijam. \u0160odien v\u0113lams saglab\u0101t modr\u012bbu un nepalaist notikumus pa\u0161pl\u016bsm\u0101&nbsp;&nbsp;LA.LV Volodina uzskaita&hellip;\n","protected":false},"author":2,"featured_media":236177,"comment_status":"","ping_status":"","sticky":false,"template":"","format":"standard","meta":{"footnotes":"","_share_on_mastodon":"0"},"categories":[5],"tags":[23,28,29,1323,32,33,22,562,30,31,35,39,38,36,37,34,40,20,26,27,24,25,21],"class_list":["post-236176","post","type-post","status-publish","format-standard","has-post-thumbnail","category-aktualitates","tag-aktualitates","tag-breaking-news","tag-breakingnews","tag-dienas-horoskops","tag-featured-news","tag-featurednews","tag-headlines","tag-horoskops","tag-latest-news","tag-latestnews","tag-latvia","tag-latvian","tag-latviesu","tag-latviesu-valoda","tag-latviesuvaloda","tag-latvija","tag-lv","tag-news","tag-popularakas-zinas","tag-popularakaszinas","tag-top-stories","tag-topstories","tag-zinas"],"share_on_mastodon":{"url":"https:\/\/pubeurope.com\/@lv\/116815650172846001","error":""},"_links":{"self":[{"href":"https:\/\/www.europesays.com\/lv\/wp-json\/wp\/v2\/posts\/236176","targetHints":{"allow":["GET"]}}],"collection":[{"href":"https:\/\/www.europesays.com\/lv\/wp-json\/wp\/v2\/posts"}],"about":[{"href":"https:\/\/www.europesays.com\/lv\/wp-json\/wp\/v2\/types\/post"}],"author":[{"embeddable":true,"href":"https:\/\/www.europesays.com\/lv\/wp-json\/wp\/v2\/users\/2"}],"replies":[{"embeddable":true,"href":"https:\/\/www.europesays.com\/lv\/wp-json\/wp\/v2\/comments?post=236176"}],"version-history":[{"count":0,"href":"https:\/\/www.europesays.com\/lv\/wp-json\/wp\/v2\/posts\/236176\/revisions"}],"wp:featuredmedia":[{"embeddable":true,"href":"https:\/\/www.europesays.com\/lv\/wp-json\/wp\/v2\/media\/236177"}],"wp:attachment":[{"href":"https:\/\/www.europesays.com\/lv\/wp-json\/wp\/v2\/media?parent=236176"}],"wp:term":[{"taxonomy":"category","embeddable":true,"href":"https:\/\/www.europesays.com\/lv\/wp-json\/wp\/v2\/categories?post=236176"},{"taxonomy":"post_tag","embeddable":true,"href":"https:\/\/www.europesays.com\/lv\/wp-json\/wp\/v2\/tags?post=236176"}],"curies":[{"name":"wp","href":"https:\/\/api.w.org\/{rel}","templated":true}]}}