{"id":23675,"date":"2025-10-17T17:14:09","date_gmt":"2025-10-17T17:14:09","guid":{"rendered":"https:\/\/www.europesays.com\/lv\/23675\/"},"modified":"2025-10-17T17:14:09","modified_gmt":"2025-10-17T17:14:09","slug":"krievija-notiesa-15-ukrainas-karagusteknus","status":"publish","type":"post","link":"https:\/\/www.europesays.com\/lv\/23675\/","title":{"rendered":"Krievij\u0101 noties\u0101 15 Ukrainas karag\u016bstek\u0146us"},"content":{"rendered":"<p>Milit\u0101r\u0101 tiesa Rostov\u0101 pie Donas 15-21 gada cietumsodu piesprieda 15 karav\u012briem no Ukrainas Sauszemes sp\u0113ku bataljona &#8220;Aidar&#8221;, kuru Krievija ir pasludin\u0101jusi par teroristisku grup\u0113jumu.<\/p>\n<p>Kop\u0161 marta t\u0101 ir otr\u0101 reize, kad Krievij\u0101 masveid\u0101 noties\u0101 karag\u016bstek\u0146us. Mart\u0101 l\u012bdz\u012bg\u0101s aps\u016bdz\u012bb\u0101s tika noties\u0101ti 23 brig\u0101des &#8220;Azov&#8221; karav\u012bri. Ar\u012b to pr\u0101vu Ukraina nosod\u012bja k\u0101 starptautisko ties\u012bbu p\u0101rk\u0101pumu.<\/p>\n<p>Kad 2023. gad\u0101 s\u0101k\u0101s pr\u0101va pret &#8220;Aidar&#8221; karav\u012briem, Ukrainas parlamenta cilv\u0113kties\u012bbu komis\u0101rs Dmitro Lubinecs to kritiz\u0113ja k\u0101 apkaunojumu un teica, ka &#8220;Krievija tos, kas aizst\u0101v savu dzimteni, padara par noziedzniekiem&#8221;.<\/p>\n<blockquote class=\"quote ck-widget\" contenteditable=\"false\">\n<p>Krievijas cilv\u0113kties\u012bbu aizst\u0101v\u012bbas centrs &#8220;Memori\u0101ls&#8221; noties\u0101tos Ukrainas karav\u012brus atzinis par politieslodz\u012btajiem.<\/p>\n<\/blockquote>\n<p>Tas nor\u0101d\u012bja, ka tiesas process ir pretrun\u0101 ar starptautiskaj\u0101m konvencij\u0101m, kas aizsarg\u0101 karag\u016bstek\u0146us, nor\u0101dot, ka aps\u016bdz\u0113tie tika ties\u0101ti tikai t\u0101p\u0113c, ka vi\u0146i dien\u0113ja bataljon\u0101 &#8220;Aidar&#8221;, nevis par konkr\u0113tiem kara noziegumiem.<\/p>\n<p>&#8220;Tas rupji p\u0101rk\u0101pj \u017den\u0113vas konvencijas noteikumus, kas aizliedz karag\u016bstek\u0146u krimin\u0101lvaj\u0101\u0161anu tikai par vi\u0146u dal\u012bbu bru\u0146ot\u0101 konflikt\u0101,&#8221; sac\u012bja &#8220;Memori\u0101ls&#8221;.<\/p>\n<p>Krievija gan &#8220;Azov&#8221;, gan &#8220;Aidar&#8221; ir pasludin\u0101jusi par teroristisk\u0101m organiz\u0101cij\u0101m un aps\u016bdz\u0113jusi to dal\u012bbniekus kara noziegumos. Br\u012bvpr\u0101t\u012bgo vien\u012bbas tika izveidotas dr\u012bz p\u0113c tam, kad Krievija 2014. gad\u0101 anekt\u0113ja Krimas pussalu, un t\u0101s akt\u012bvi piedal\u012bj\u0101s kauj\u0101s pret Krievijas atbalst\u012btajiem separ\u0101tistiem Ukrainas austrumos.<\/p>\n<p>&#8220;Aidar&#8221;, &#8220;Azov&#8221; un citas br\u012bvpr\u0101t\u012bgo vien\u012bbas galu gal\u0101 tika integr\u0113tas Ukrainas armij\u0101.<\/p>\n<p>Kad 2023. gad\u0101 s\u0101k\u0101s pr\u0101va pret &#8220;Aidar&#8221; karav\u012briem, taj\u0101 s\u0101kotn\u0113ji bija iesaist\u012bti 18 aps\u016bdz\u0113tie. Tiesas priek\u0161\u0101 st\u0101j\u0101s ar\u012b divas medm\u0101sas, kas dien\u0113ja bataljon\u0101, ta\u010du vi\u0146as atgriez\u0101s Ukrain\u0101 g\u016bstek\u0146u apmai\u0146\u0101. Tiesved\u012bba pret bataljon\u0101 dien\u0113ju\u0161u autovad\u012bt\u0101ju notiks atsevi\u0161\u0137i.<\/p>\n<p>Tiesa notika milit\u0101raj\u0101 ties\u0101 Rostov\u0101 pie Donas, kur atrodas Krievijas Dienvidu milit\u0101rais apgabals. T\u0101 ir aptuveni 100 kilometrus uz austrumiem no robe\u017eas ar Ukrainu.<\/p>\n<p>Liel\u0101k\u0101 da\u013ca tiesas procesa notika aiz sl\u0113gt\u0101m durv\u012bm, bet \u017eurn\u0101listiem bija at\u013cauts atspogu\u013cot tiesas s\u0113des s\u0101kumu un sprieduma pasludin\u0101\u0161anu piektdien.<\/p>\n","protected":false},"excerpt":{"rendered":"Milit\u0101r\u0101 tiesa Rostov\u0101 pie Donas 15-21 gada cietumsodu piesprieda 15 karav\u012briem no Ukrainas Sauszemes sp\u0113ku bataljona &#8220;Aidar&#8221;, kuru&hellip;\n","protected":false},"author":2,"featured_media":23676,"comment_status":"","ping_status":"","sticky":false,"template":"","format":"standard","meta":{"footnotes":""},"categories":[14],"tags":[23,57,28,29,32,33,22,2545,74,30,31,35,39,38,36,37,34,40,20,26,27,24,25,1326,54,55,56,21,58],"class_list":{"0":"post-23675","1":"post","2":"type-post","3":"status-publish","4":"format-standard","5":"has-post-thumbnail","7":"category-zinas-no-arvalstim","8":"tag-aktualitates","9":"tag-arvalstim","10":"tag-breaking-news","11":"tag-breakingnews","12":"tag-featured-news","13":"tag-featurednews","14":"tag-headlines","15":"tag-kremla-propaganda","16":"tag-krievijas-iebrukums-ukraina","17":"tag-latest-news","18":"tag-latestnews","19":"tag-latvia","20":"tag-latvian","21":"tag-latviesu","22":"tag-latviesu-valoda","23":"tag-latviesuvaloda","24":"tag-latvija","25":"tag-lv","26":"tag-news","27":"tag-popularakas-zinas","28":"tag-popularakaszinas","29":"tag-top-stories","30":"tag-topstories","31":"tag-totalitarisms","32":"tag-world","33":"tag-world-news","34":"tag-worldnews","35":"tag-zinas","36":"tag-zinas-no-arvalstim"},"share_on_mastodon":{"url":"","error":""},"_links":{"self":[{"href":"https:\/\/www.europesays.com\/lv\/wp-json\/wp\/v2\/posts\/23675","targetHints":{"allow":["GET"]}}],"collection":[{"href":"https:\/\/www.europesays.com\/lv\/wp-json\/wp\/v2\/posts"}],"about":[{"href":"https:\/\/www.europesays.com\/lv\/wp-json\/wp\/v2\/types\/post"}],"author":[{"embeddable":true,"href":"https:\/\/www.europesays.com\/lv\/wp-json\/wp\/v2\/users\/2"}],"replies":[{"embeddable":true,"href":"https:\/\/www.europesays.com\/lv\/wp-json\/wp\/v2\/comments?post=23675"}],"version-history":[{"count":0,"href":"https:\/\/www.europesays.com\/lv\/wp-json\/wp\/v2\/posts\/23675\/revisions"}],"wp:featuredmedia":[{"embeddable":true,"href":"https:\/\/www.europesays.com\/lv\/wp-json\/wp\/v2\/media\/23676"}],"wp:attachment":[{"href":"https:\/\/www.europesays.com\/lv\/wp-json\/wp\/v2\/media?parent=23675"}],"wp:term":[{"taxonomy":"category","embeddable":true,"href":"https:\/\/www.europesays.com\/lv\/wp-json\/wp\/v2\/categories?post=23675"},{"taxonomy":"post_tag","embeddable":true,"href":"https:\/\/www.europesays.com\/lv\/wp-json\/wp\/v2\/tags?post=23675"}],"curies":[{"name":"wp","href":"https:\/\/api.w.org\/{rel}","templated":true}]}}