{"id":23692,"date":"2025-10-17T17:29:08","date_gmt":"2025-10-17T17:29:08","guid":{"rendered":"https:\/\/www.europesays.com\/lv\/23692\/"},"modified":"2025-10-17T17:29:08","modified_gmt":"2025-10-17T17:29:08","slug":"kinoteatros-visa-latvija-gaidams-sirsnigs-animacijas-isfilmu-cikls-berniem-urga-jo-un-po","status":"publish","type":"post","link":"https:\/\/www.europesays.com\/lv\/23692\/","title":{"rendered":"Kinote\u0101tros vis\u0101 Latvij\u0101 gaid\u0101ms sirsn\u012bgs anim\u0101cijas \u012bsfilmu cikls b\u0113rniem &#8220;Urga, Jo un Po&#8221;"},"content":{"rendered":"<p>Galvenaj\u0101 lom\u0101 \u2013 pats Latvijas slaven\u0101kais suns \u2013 Urga! Asto\u0146u anim\u0101cijas \u012bsfilmu cikls turpina raid\u012bjumu \u201cPa straumei\u201d un \u201cUrga Urda\u201d ies\u0101kto darbu, kur\u0101 j\u016btama dzi\u013ca m\u012blest\u012bba pret Latvijas dabu, piedz\u012bvojumiem un negaid\u012bto dz\u012bv\u0113.<\/p>\n<p>Anim\u0101cijas \u012bsfilmu cikla galven\u0101 varone ir ar visp\u0101rcilv\u0113cisk\u0101m \u012bpa\u0161\u012bb\u0101m apvelt\u012bts supersuns Urga, kura ar saviem neparastajiem draugiem \u2013 tot\u0113mdz\u012bvnieci\u0146iem Jo un Po \u2013 metas aizraujo\u0161os piedz\u012bvojumos, lai pal\u012bdz\u0113tu da\u017e\u0101diem nelaim\u0113 non\u0101ku\u0161iem dz\u012bvnieku mazu\u013ciem un iepaz\u012bstin\u0101tu b\u0113rnus ar \u0161o dz\u012bvo rad\u012bbu \u201csupersp\u0113j\u0101m\u201d.<\/p>\n<p>Katra s\u0113rija atkl\u0101j k\u0101da dz\u012bvnieka \u012bpatn\u012bbas, uzved\u012bbu un piel\u0101go\u0161an\u0101s sp\u0113jas, vienlaikus iedvesmojot b\u0113rnus b\u016bt drosm\u012bgiem, laipniem un zin\u0101tk\u0101riem. St\u0101sti balst\u012bti dabas faktos, kurus konsult\u0113ju\u0161i speci\u0101listi, bet tie vienm\u0113r pagriezti mazliet fantastisk\u0101 un ironisk\u0101 gultn\u0113. Jeb, k\u0101 saka pa\u0161i \u201cUrga, Jo un Po\u201d veidot\u0101ji \u2013 t\u0101 ir faktos balst\u012bta zin\u0101tnisk\u0101 fantastika!<\/p>\n<p><img decoding=\"async\" class=\"figure__image\" onclick=\"triggerEvent('articleImageClick', { id: 17217611, focus: 'single-image', focusIndex: '17217611' })\" onkeydown=\"if (event.key === 'Enter') {&#10;        triggerEvent('articleImageClick', { id: 17217611, focus: 'single-image', focusIndex: '17217611' })&#10;        }\" role=\"button\" tabindex=\"0\" data-focus-from=\"single-image\" data-focus-index=\"17217611\" src=\"https:\/\/www.europesays.com\/lv\/wp-content\/uploads\/2025\/10\/17217611t1hb2b2.png\" onload=\"this.parentElement.classList.remove('figure__image-loading')\" alt=\"\"\/> Foto: Publicit\u0101tes foto<\/p>\n<p>Urga run\u0101 savas lab\u0101k\u0101s draudzenes \u2013 Hel\u0113nas Kristas Kalni\u0146as \u2013 bals\u012b. Ar\u012b Hel\u0113nu skat\u012bt\u0101ji jau iepazinu\u0161i un iem\u012bl\u0113ju\u0161i caur projektiem \u201cPa straumei\u201d un \u201cUrga Urda\u201d, un tie\u0161i vi\u0146as balss pie\u0161\u0137ir Urgai to \u012bpa\u0161o dzirksti, kas liek smaid\u012bt gan b\u0113rniem, gan pieaugu\u0161ajiem.<\/p>\n","protected":false},"excerpt":{"rendered":"Galvenaj\u0101 lom\u0101 \u2013 pats Latvijas slaven\u0101kais suns \u2013 Urga! Asto\u0146u anim\u0101cijas \u012bsfilmu cikls turpina raid\u012bjumu \u201cPa straumei\u201d un&hellip;\n","protected":false},"author":2,"featured_media":23693,"comment_status":"","ping_status":"","sticky":false,"template":"","format":"standard","meta":{"footnotes":""},"categories":[19],"tags":[6529,4953,89,90,35,39,38,36,37,34,40],"class_list":{"0":"post-23692","1":"post","2":"type-post","3":"status-publish","4":"format-standard","5":"has-post-thumbnail","7":"category-izklaide","8":"tag-animacijas-serials","9":"tag-dabas-aizsardziba","10":"tag-entertainment","11":"tag-izklaide","12":"tag-latvia","13":"tag-latvian","14":"tag-latviesu","15":"tag-latviesu-valoda","16":"tag-latviesuvaloda","17":"tag-latvija","18":"tag-lv"},"share_on_mastodon":{"url":"","error":""},"_links":{"self":[{"href":"https:\/\/www.europesays.com\/lv\/wp-json\/wp\/v2\/posts\/23692","targetHints":{"allow":["GET"]}}],"collection":[{"href":"https:\/\/www.europesays.com\/lv\/wp-json\/wp\/v2\/posts"}],"about":[{"href":"https:\/\/www.europesays.com\/lv\/wp-json\/wp\/v2\/types\/post"}],"author":[{"embeddable":true,"href":"https:\/\/www.europesays.com\/lv\/wp-json\/wp\/v2\/users\/2"}],"replies":[{"embeddable":true,"href":"https:\/\/www.europesays.com\/lv\/wp-json\/wp\/v2\/comments?post=23692"}],"version-history":[{"count":0,"href":"https:\/\/www.europesays.com\/lv\/wp-json\/wp\/v2\/posts\/23692\/revisions"}],"wp:featuredmedia":[{"embeddable":true,"href":"https:\/\/www.europesays.com\/lv\/wp-json\/wp\/v2\/media\/23693"}],"wp:attachment":[{"href":"https:\/\/www.europesays.com\/lv\/wp-json\/wp\/v2\/media?parent=23692"}],"wp:term":[{"taxonomy":"category","embeddable":true,"href":"https:\/\/www.europesays.com\/lv\/wp-json\/wp\/v2\/categories?post=23692"},{"taxonomy":"post_tag","embeddable":true,"href":"https:\/\/www.europesays.com\/lv\/wp-json\/wp\/v2\/tags?post=23692"}],"curies":[{"name":"wp","href":"https:\/\/api.w.org\/{rel}","templated":true}]}}