{"id":237311,"date":"2026-06-28T10:11:17","date_gmt":"2026-06-28T10:11:17","guid":{"rendered":"https:\/\/www.europesays.com\/lv\/237311\/"},"modified":"2026-06-28T10:11:17","modified_gmt":"2026-06-28T10:11:17","slug":"serbijas-prezidents-vucics-amata-busu-vel-tikai-dazas-nedelas","status":"publish","type":"post","link":"https:\/\/www.europesays.com\/lv\/237311\/","title":{"rendered":"Serbijas prezidents Vu\u010di\u010ds: &#8220;Amat\u0101 b\u016b\u0161u v\u0113l tikai da\u017eas ned\u0113\u013cas&#8221;"},"content":{"rendered":"<p>Vald\u012bba ir sask\u0101rusies ar pieaugo\u0161u spiedienu kop\u0161 2024. gada novembra, kad Serbiju p\u0101r\u0146\u0113ma pla\u0161s protestu vilnis, ko izrais\u012bja Novisadas tra\u0123\u0113dija. \u0160aj\u0101 pils\u0113t\u0101, sagr\u016bstot nojumei dzelzce\u013ca stacij\u0101, g\u0101ja boj\u0101 16 cilv\u0113ki. Protestu dal\u012bbnieki, p\u0101rsvar\u0101 studenti un jaunie\u0161i, vaino vald\u012bbu korupcij\u0101 un nolaid\u012bb\u0101 un v\u0113las pirmstermi\u0146a parlamenta v\u0113l\u0113\u0161anas.<\/p>\n<p>Kriti\u0137i tra\u0123\u0113dij\u0101 vaino korupciju un vald\u012bbas nekompetenci, k\u0101 ar\u012b aps\u016bdz tiesu varu, kuru, vi\u0146upr\u0101t, kontrol\u0113 Vu\u010di\u010ds, par vain\u012bgo pasarg\u0101\u0161anu no krimin\u0101lvaj\u0101\u0161anas.<\/p>\n<p>Sabiedrisk\u0101s domas aptaujas liecina, ka n\u0101kamaj\u0101s parlamenta balso\u0161an\u0101s var\u0113tu uzvar\u0113t studentu kust\u012bbas atbalst\u012bts kandid\u0101tu saraksts, lai gan \u0161\u0101da alianse v\u0113l nav ofici\u0101li izveidota.<\/p>\n<p>Protesti ir piesaist\u012bju\u0161i lielus p\u016b\u013cus. Pag\u0101ju\u0161aj\u0101 m\u0113nes\u012b neatkar\u012bga uzraudz\u012bbas grupa &#8220;Publisk\u0101s asamblejas arh\u012bvs&#8221; l\u0113sa, ka Belgradas centr\u0101 demonstr\u0101cij\u0101 piedal\u012bj\u0101s 180 000 cilv\u0113ku.<\/p>\n<p>Sestdienas vald\u012bbas atbalst\u012bt\u0101ju m\u012bti\u0146\u0161 ar\u012b piesaist\u012bja daudz cilv\u0113ku, no kuriem liela da\u013ca ierad\u0101s autobusos, ko organiz\u0113ja SNS un uz\u0146\u0113mumi, kas sadarbojas ar valdo\u0161o partiju.<\/p>\n","protected":false},"excerpt":{"rendered":"Vald\u012bba ir sask\u0101rusies ar pieaugo\u0161u spiedienu kop\u0161 2024. gada novembra, kad Serbiju p\u0101r\u0146\u0113ma pla\u0161s protestu vilnis, ko izrais\u012bja&hellip;\n","protected":false},"author":2,"featured_media":237312,"comment_status":"","ping_status":"","sticky":false,"template":"","format":"standard","meta":{"footnotes":"","_share_on_mastodon":"0"},"categories":[14],"tags":[23,8033,57,28,29,4823,32,33,22,30,31,35,39,38,36,37,34,40,20,26,27,243,24,25,54,55,56,21,58],"class_list":["post-237311","post","type-post","status-publish","format-standard","has-post-thumbnail","category-zinas-no-arvalstim","tag-aktualitates","tag-aleksandrs-vucics","tag-arvalstim","tag-breaking-news","tag-breakingnews","tag-demisija","tag-featured-news","tag-featurednews","tag-headlines","tag-latest-news","tag-latestnews","tag-latvia","tag-latvian","tag-latviesu","tag-latviesu-valoda","tag-latviesuvaloda","tag-latvija","tag-lv","tag-news","tag-popularakas-zinas","tag-popularakaszinas","tag-serbija","tag-top-stories","tag-topstories","tag-world","tag-world-news","tag-worldnews","tag-zinas","tag-zinas-no-arvalstim"],"share_on_mastodon":{"url":"https:\/\/pubeurope.com\/@lv\/116827198927193693","error":""},"_links":{"self":[{"href":"https:\/\/www.europesays.com\/lv\/wp-json\/wp\/v2\/posts\/237311","targetHints":{"allow":["GET"]}}],"collection":[{"href":"https:\/\/www.europesays.com\/lv\/wp-json\/wp\/v2\/posts"}],"about":[{"href":"https:\/\/www.europesays.com\/lv\/wp-json\/wp\/v2\/types\/post"}],"author":[{"embeddable":true,"href":"https:\/\/www.europesays.com\/lv\/wp-json\/wp\/v2\/users\/2"}],"replies":[{"embeddable":true,"href":"https:\/\/www.europesays.com\/lv\/wp-json\/wp\/v2\/comments?post=237311"}],"version-history":[{"count":0,"href":"https:\/\/www.europesays.com\/lv\/wp-json\/wp\/v2\/posts\/237311\/revisions"}],"wp:featuredmedia":[{"embeddable":true,"href":"https:\/\/www.europesays.com\/lv\/wp-json\/wp\/v2\/media\/237312"}],"wp:attachment":[{"href":"https:\/\/www.europesays.com\/lv\/wp-json\/wp\/v2\/media?parent=237311"}],"wp:term":[{"taxonomy":"category","embeddable":true,"href":"https:\/\/www.europesays.com\/lv\/wp-json\/wp\/v2\/categories?post=237311"},{"taxonomy":"post_tag","embeddable":true,"href":"https:\/\/www.europesays.com\/lv\/wp-json\/wp\/v2\/tags?post=237311"}],"curies":[{"name":"wp","href":"https:\/\/api.w.org\/{rel}","templated":true}]}}