{"id":23860,"date":"2025-10-18T02:21:08","date_gmt":"2025-10-18T02:21:08","guid":{"rendered":"https:\/\/www.europesays.com\/lv\/23860\/"},"modified":"2025-10-18T02:21:08","modified_gmt":"2025-10-18T02:21:08","slug":"vajadzes-atkapsos-draudzinas-gimnazijas-direktors-par-attiecibam-ar-kolegiem-un-divainibam-soctiklos","status":"publish","type":"post","link":"https:\/\/www.europesays.com\/lv\/23860\/","title":{"rendered":"\u201cVajadz\u0113s \u2013 atk\u0101p\u0161os\u201d. Draudzi\u0146as \u0123imn\u0101zijas direktors par attiec\u012bb\u0101m ar kol\u0113\u0123iem un d\u012bvain\u012bb\u0101m soct\u012bklos"},"content":{"rendered":"<p>\u201cManas mantas bija sakr\u0101m\u0113tas un kabineta atsl\u0113ga nomain\u012bta, t\u0101tad laikam jau biju atlaista,\u201d atceras \u0112rika (v\u0101rds main\u012bts), bijus\u012b R\u012bgas Nat\u0101lijas Draudzi\u0146as vidusskolas direktora vietniece, kura v\u0113rs\u0101s ties\u0101. Tas notika 2024.gada ruden\u012b. Gada laik\u0101 skolu pameta v\u0113l 30 darbinieki.\u00a0<\/p>\n<p>TVNET+ skaidro, kas notika, iztauj\u0101jot darbiniekus un pa\u0161u direktoru M\u0101ri Z\u0101\u0123eri, kura instagram kont\u0101 skol\u0113ni atkl\u0101ju\u0161i sav\u0101das intereses \u2013 Putina fanu klubu un citus krieviskus kan\u0101lus.<\/p>\n","protected":false},"excerpt":{"rendered":"\u201cManas mantas bija sakr\u0101m\u0113tas un kabineta atsl\u0113ga nomain\u012bta, t\u0101tad laikam jau biju atlaista,\u201d atceras \u0112rika (v\u0101rds main\u012bts), bijus\u012b&hellip;\n","protected":false},"author":2,"featured_media":23861,"comment_status":"","ping_status":"","sticky":false,"template":"","format":"standard","meta":{"footnotes":""},"categories":[5],"tags":[23,28,29,32,33,22,336,30,31,35,39,38,36,37,34,40,20,26,27,5004,24,25,164,21],"class_list":{"0":"post-23860","1":"post","2":"type-post","3":"status-publish","4":"format-standard","5":"has-post-thumbnail","7":"category-aktualitates","8":"tag-aktualitates","9":"tag-breaking-news","10":"tag-breakingnews","11":"tag-featured-news","12":"tag-featurednews","13":"tag-headlines","14":"tag-izglitiba","15":"tag-latest-news","16":"tag-latestnews","17":"tag-latvia","18":"tag-latvian","19":"tag-latviesu","20":"tag-latviesu-valoda","21":"tag-latviesuvaloda","22":"tag-latvija","23":"tag-lv","24":"tag-news","25":"tag-popularakas-zinas","26":"tag-popularakaszinas","27":"tag-skolas","28":"tag-top-stories","29":"tag-topstories","30":"tag-tvnet-latvija","31":"tag-zinas"},"share_on_mastodon":{"url":"","error":""},"_links":{"self":[{"href":"https:\/\/www.europesays.com\/lv\/wp-json\/wp\/v2\/posts\/23860","targetHints":{"allow":["GET"]}}],"collection":[{"href":"https:\/\/www.europesays.com\/lv\/wp-json\/wp\/v2\/posts"}],"about":[{"href":"https:\/\/www.europesays.com\/lv\/wp-json\/wp\/v2\/types\/post"}],"author":[{"embeddable":true,"href":"https:\/\/www.europesays.com\/lv\/wp-json\/wp\/v2\/users\/2"}],"replies":[{"embeddable":true,"href":"https:\/\/www.europesays.com\/lv\/wp-json\/wp\/v2\/comments?post=23860"}],"version-history":[{"count":0,"href":"https:\/\/www.europesays.com\/lv\/wp-json\/wp\/v2\/posts\/23860\/revisions"}],"wp:featuredmedia":[{"embeddable":true,"href":"https:\/\/www.europesays.com\/lv\/wp-json\/wp\/v2\/media\/23861"}],"wp:attachment":[{"href":"https:\/\/www.europesays.com\/lv\/wp-json\/wp\/v2\/media?parent=23860"}],"wp:term":[{"taxonomy":"category","embeddable":true,"href":"https:\/\/www.europesays.com\/lv\/wp-json\/wp\/v2\/categories?post=23860"},{"taxonomy":"post_tag","embeddable":true,"href":"https:\/\/www.europesays.com\/lv\/wp-json\/wp\/v2\/tags?post=23860"}],"curies":[{"name":"wp","href":"https:\/\/api.w.org\/{rel}","templated":true}]}}