{"id":23864,"date":"2025-10-18T02:27:11","date_gmt":"2025-10-18T02:27:11","guid":{"rendered":"https:\/\/www.europesays.com\/lv\/23864\/"},"modified":"2025-10-18T02:27:11","modified_gmt":"2025-10-18T02:27:11","slug":"ukrainas-sveta-panteleimona-ordenis-pieskirts-lienei-dambinai-un-biedribai-agendum-par-muza-iespaidu-lente-lv","status":"publish","type":"post","link":"https:\/\/www.europesays.com\/lv\/23864\/","title":{"rendered":"Ukrainas Sv\u0113t\u0101 Panteleimona ordenis pie\u0161\u0137irts Lienei Dambi\u0146ai un biedr\u012bbai \u201cAgendum\u201d par m\u016b\u017ea iespaidu\u00a0\u2014\u00a0Lente.lv"},"content":{"rendered":"<p>Par m\u016b\u017ea iespaidu: Ukrainas sv\u0113t\u0101 Panteleimona ordenis pie\u0161\u0137irts Lienei Dambi\u0146ai un biedr\u012bbai \u201cAgendum\u201d<\/p>\n<p>Piektdien, 17. oktobr\u012b, Latvijas Republikas Saeim\u0101 tika pasniegti augstie Ukrainas Sv\u0113t\u0101 Panteleimona orde\u0146i, kas ir simbolisks apliecin\u0101jums dzi\u013cai atzin\u012bbai un pateic\u012bbai par nesavt\u012bgo pal\u012bdz\u012bbu Ukrainai un t\u0101s iedz\u012bvot\u0101jiem kara smagaj\u0101 laik\u0101. \u0160ogad \u0161o godpilno apbalvojumu sa\u0146\u0113ma B\u0113rnu slimn\u012bcas fonda vad\u012bt\u0101ja Liene Dambi\u0146a un biedr\u012bba \u201cAgendum\u201d, atz\u012bstot vi\u0146u ieguld\u012bjumu cilv\u0113ku dz\u012bvju gl\u0101b\u0161an\u0101 un atbalst\u012b\u0161an\u0101.<\/p>\n<p>Dziedin\u0101\u0161anas misija ar m\u016b\u017ea iespaidu<\/p>\n<p>Liene Dambi\u0146a, kura B\u0113rnu slimn\u012bcas fondu vada kop\u0161 2009. gada, ir zin\u0101ma ar savu dedz\u012bgo darbu b\u0113rnu vesel\u012bbas un labkl\u0101j\u012bbas jom\u0101. Vi\u0146as vad\u012bb\u0101 fonds ir ne tikai nodro\u0161in\u0101jis t\u016bksto\u0161iem Ukrainas b\u0113rnu un vi\u0146u \u0123imen\u0113m nepiecie\u0161amo psiholo\u0123isko pal\u012bdz\u012bbu, medic\u012bnisko apr\u016bpi un rehabilit\u0101ciju, bet ar\u012b organiz\u0113jis nometnes un atbalsta pas\u0101kumus, pal\u012bdzot vi\u0146iem atrast patv\u0113rumu un dziedin\u0101\u0161anu Latvij\u0101. \u0160is darbs, k\u0101 uzsv\u0113ra pati Dambi\u0146a, nav vienk\u0101r\u0161s varo\u0146darbs, bet gan dzi\u013c\u0161 pien\u0101kums, kas sniedz neatsveramu gandar\u012bjumu un person\u012bgu izaugsmi. Vi\u0146a atz\u012bst, ka \u0161\u012b misija atst\u0101j dzi\u013cu iespaidu uz visu atliku\u0161o dz\u012bvi, gan tiem, kas pal\u012bdz\u012bbu sa\u0146em, gan tiem, kas to sniedz. Sav\u0101 run\u0101 Saeim\u0101 vi\u0146a uzsv\u0113ra, ka pal\u012bdz\u0113t b\u0113rniem nav varo\u0146darbs, bet gan m\u016bsu kop\u012bgs pien\u0101kums, kas stiprina gan indiv\u012bdus, gan sabiedr\u012bbu kopum\u0101. \u0160\u012b r\u016bpe par vissmag\u0101k skartajiem ir k\u0101 apliecin\u0101jums cilv\u0113c\u012bgumam un cer\u012bbai uz lab\u0101ku n\u0101kotni. Vi\u0146as ieguld\u012bjums b\u0113rnu vesel\u012bbas apr\u016bpes sist\u0113m\u0101, \u012bstenojot inovat\u012bvus projektus un att\u012bstot jaunus pakalpojumus, ir apliecin\u0101jis vi\u0146as sp\u0113ju ne tikai vad\u012bt, bet ar\u012b iedvesmot un ieviest re\u0101las p\u0101rmai\u0146as. Atz\u012bstot, ka ir ar\u012b \u010detru b\u0113rnu m\u0101te, Dambi\u0146a demonstr\u0113 izcilu sp\u0113ju saskald\u012bt savu laiku un ener\u0123iju starp profesion\u0101lajiem izaicin\u0101jumiem un \u0123imenes pien\u0101kumiem, kas apliecina vi\u0146as sp\u0113c\u012bgo raksturu un nelok\u0101mo ap\u0146\u0113m\u012bbu. Vi\u0146as vad\u012bt\u0101 organiz\u0101cija ir k\u013cuvusi par noz\u012bm\u012bgu atbalsta punktu daudz\u0101m \u0123imen\u0113m, kuras saskaras ar smagiem vesel\u012bbas izaicin\u0101jumiem, sniedzot ne tikai praktisku, bet ar\u012b emocion\u0101lu atbalstu.<\/p>\n<p>\u201cAgendum\u201d: dro\u0161s atbalsts Ukrainas c\u012b\u0146\u0101<\/p>\n<p>Biedr\u012bba \u201cAgendum\u201d, kas ir nevalstiska organiz\u0101cija, apvieno cilv\u0113kus no Zieme\u013cvalst\u012bm ar m\u0113r\u0137i sniegt praktisku un materi\u0101lu atbalstu Ukrainai t\u0101s c\u012b\u0146\u0101 par br\u012bv\u012bbu un neatkar\u012bbu. Vi\u0146u darb\u012bba ir daudzpus\u012bga \u2013 s\u0101kot no transportl\u012bdzek\u013cu pieg\u0101des Ukrainas bru\u0146otajiem sp\u0113kiem un br\u012bvpr\u0101t\u012bgajiem, l\u012bdz pat pal\u012bdz\u012bbas snieg\u0161anai civiliedz\u012bvot\u0101jiem un viet\u0113j\u0101m pa\u0161vald\u012bb\u0101m kara skartaj\u0101s teritorij\u0101s, k\u0101 ar\u012b veicinot Ukrainas ekonomikas atjauno\u0161anu. Viens no sa\u0146\u0113m\u0113jiem, kara medi\u0137e Sarm\u012bte C\u012brule, \u012bpa\u0161i uzsv\u0113ra, ka \u201cAgendum\u201d nodro\u0161in\u0101tie transportl\u012bdzek\u013ci, piem\u0113ram, evaku\u0101cijas automa\u0161\u012bnas, tie\u0161\u0101 veid\u0101 gl\u0101bj dz\u012bv\u012bbas, un viens no \u0161\u0101diem transportl\u012bdzek\u013ciem bija nepiecie\u0161ams pat vi\u0146ai pa\u0161ai p\u0113c ievainojuma, ko vi\u0146a guva tie\u0161i neatbilsto\u0161a transporta tr\u016bkuma d\u0113\u013c. T\u0101d\u0113j\u0101di biedr\u012bbas darbs ir neatsverams, nodro\u0161inot kritisk\u0101s nepiecie\u0161am\u012bbas resursus un pal\u012bdzot mazin\u0101t kara posto\u0161\u0101s sekas. Organiz\u0101cija akt\u012bvi iesaist\u0101s ar\u012b inform\u0101cijas apmai\u0146as pas\u0101kumos un finans\u0113juma piesaist\u0113, lai atbalst\u012btu Ukrainas atjauno\u0161anos.<\/p>\n<p>Ukrainas Sv\u0113t\u0101 Panteleimona ordenis: atzin\u012bba par pa\u0161aizliedz\u012bgo darbu<\/p>\n<p>Ukrainas Sv\u0113t\u0101 Panteleimona ordenis s\u0101kotn\u0113ji tika dibin\u0101ts 2009. gad\u0101, lai godin\u0101tu medic\u012bnas darbiniekus par izciliem sasniegumiem. Tom\u0113r kop\u0161 2017. gada ar to tiek apbalvoti ar\u012b pilsonisk\u0101s sabiedr\u012bbas akt\u012bvisti, bet kop\u0161 2022. gada \u2013 kara medi\u0137i. Kop\u0161 2024. gada orde\u0146i tiek pasniegti, lai izteiktu pateic\u012bbu par b\u016btisku pal\u012bdz\u012bbu Ukrainai. Tas ir apliecin\u0101jums tam, ka Ukrainas tautas c\u012b\u0146a par br\u012bv\u012bbu un neatkar\u012bbu ir ieguvusi pla\u0161u starptautisku atbalstu un atzin\u012bbu. Saeimas priek\u0161s\u0113d\u0113t\u0101jas biedre Zanda Kalni\u0146a-Luka\u0161evica ceremonijas laik\u0101 uzsv\u0113ra, ka Latvij\u0101 ir daudz \u201cizcil\u0101s un iedvesmojo\u0161as person\u012bbas\u201d, kuras ar savu pa\u0161aizliedz\u012bgo darbu pal\u012bdz gr\u016bt\u012bb\u0101s non\u0101ku\u0161ajiem un starptautiski ce\u013c Latvijas v\u0101rdu. Vi\u0146a atz\u012bm\u0113ja, ka \u0161ie apbalvojuma sa\u0146\u0113m\u0113ji ir tie, kuri nenogursto\u0161i un pa\u0161aizzied\u012bgi c\u012bn\u0101s par taisn\u012bbu, par m\u016bsu kop\u012bgo n\u0101kotni un cilv\u0113c\u012bbu, sniedzot savu artavu Ukrainas neatkar\u012bbas c\u012b\u0146\u0101. \u0160\u012b ordenim pievienojas ar\u012b citas Latvijas organiz\u0101cijas un cilv\u0113ki, kas iepriek\u0161 sa\u0146\u0113mu\u0161i \u0161o godalgu, piem\u0113ram, biedr\u012bba \u201cTavi draugi\u201d un kara medi\u0137e Sarm\u012bte C\u012brule, apliecinot turpin\u0101tu un cie\u0161u sadarb\u012bbu.<\/p>\n<p>Dz\u012bv\u012bbas gl\u0101b\u0113ji un cilv\u0113km\u012b\u013cot\u0101ji<\/p>\n<p>\u0160is apbalvo\u0161anas pas\u0101kums ir ne tikai atzin\u012bba par paveikto, bet ar\u012b iedvesmas avots turpin\u0101t darbu. Tas ir st\u0101sts par cilv\u0113ku drosmi, iek\u0161\u0113jo sp\u0113ku un neizsme\u013camo v\u0113lmi pal\u012bdz\u0113t tiem, kam kl\u0101jas gr\u016bti. Ukrainas kara notikumi ir par\u0101d\u012bju\u0161i pasaulei Ukrainas tautas nelok\u0101mo gribu un drosmi, un daudzi cilv\u0113ki vis\u0101 pasaul\u0113, redzot \u0161o varon\u012bbu, ir apvienoju\u0161ies, lai sniegtu savu atbalstu. Gan Liene Dambi\u0146a ar savu darbu b\u0113rnu lab\u0101, gan biedr\u012bba \u201cAgendum\u201d ar savu praktisko pal\u012bdz\u012bbu ir k\u013cuvu\u0161i par gaismas stariem tum\u0161aj\u0101 laik\u0101, apliecinot, ka cilv\u0113km\u012blest\u012bba un solidarit\u0101te sp\u0113j p\u0101rvar\u0113t visas gr\u016bt\u012bbas. Vi\u0146u darbs ir k\u0101 dz\u012bv\u012bbas gl\u0101b\u0113ju misija, kas sniedz cer\u012bbu un pal\u012bdz\u012bbu, atst\u0101jot dzi\u013cu un palieko\u0161u iespaidu uz daudzu cilv\u0113ku dz\u012bvi. Tas ir apliecin\u0101jums tam, ka pat vissare\u017e\u0123\u012bt\u0101kajos laikos ir iesp\u0113jams veikt noz\u012bm\u012bgas un pozit\u012bvas p\u0101rmai\u0146as, pal\u012bdzot citiem un stiprinot kop\u0113j\u0101s cilv\u0113cisk\u0101s v\u0113rt\u012bbas.<\/p>\n","protected":false},"excerpt":{"rendered":"Par m\u016b\u017ea iespaidu: Ukrainas sv\u0113t\u0101 Panteleimona ordenis pie\u0161\u0137irts Lienei Dambi\u0146ai un biedr\u012bbai \u201cAgendum\u201d Piektdien, 17. oktobr\u012b, Latvijas Republikas&hellip;\n","protected":false},"author":2,"featured_media":23865,"comment_status":"","ping_status":"","sticky":false,"template":"","format":"standard","meta":{"footnotes":""},"categories":[5],"tags":[7376,23,7375,28,29,32,33,22,30,31,35,39,38,36,37,34,7331,40,20,4646,26,27,24,25,7374,21],"class_list":{"0":"post-23864","1":"post","2":"type-post","3":"status-publish","4":"format-standard","5":"has-post-thumbnail","7":"category-aktualitates","8":"tag-agendum","9":"tag-aktualitates","10":"tag-bernu-slimnicas-fonds","11":"tag-breaking-news","12":"tag-breakingnews","13":"tag-featured-news","14":"tag-featurednews","15":"tag-headlines","16":"tag-latest-news","17":"tag-latestnews","18":"tag-latvia","19":"tag-latvian","20":"tag-latviesu","21":"tag-latviesu-valoda","22":"tag-latviesuvaloda","23":"tag-latvija","24":"tag-liene-dambina","25":"tag-lv","26":"tag-news","27":"tag-palidziba-ukrainai","28":"tag-popularakas-zinas","29":"tag-popularakaszinas","30":"tag-top-stories","31":"tag-topstories","32":"tag-ukrainas-sveta-panteleimona-ordenis","33":"tag-zinas"},"share_on_mastodon":{"url":"","error":""},"_links":{"self":[{"href":"https:\/\/www.europesays.com\/lv\/wp-json\/wp\/v2\/posts\/23864","targetHints":{"allow":["GET"]}}],"collection":[{"href":"https:\/\/www.europesays.com\/lv\/wp-json\/wp\/v2\/posts"}],"about":[{"href":"https:\/\/www.europesays.com\/lv\/wp-json\/wp\/v2\/types\/post"}],"author":[{"embeddable":true,"href":"https:\/\/www.europesays.com\/lv\/wp-json\/wp\/v2\/users\/2"}],"replies":[{"embeddable":true,"href":"https:\/\/www.europesays.com\/lv\/wp-json\/wp\/v2\/comments?post=23864"}],"version-history":[{"count":0,"href":"https:\/\/www.europesays.com\/lv\/wp-json\/wp\/v2\/posts\/23864\/revisions"}],"wp:featuredmedia":[{"embeddable":true,"href":"https:\/\/www.europesays.com\/lv\/wp-json\/wp\/v2\/media\/23865"}],"wp:attachment":[{"href":"https:\/\/www.europesays.com\/lv\/wp-json\/wp\/v2\/media?parent=23864"}],"wp:term":[{"taxonomy":"category","embeddable":true,"href":"https:\/\/www.europesays.com\/lv\/wp-json\/wp\/v2\/categories?post=23864"},{"taxonomy":"post_tag","embeddable":true,"href":"https:\/\/www.europesays.com\/lv\/wp-json\/wp\/v2\/tags?post=23864"}],"curies":[{"name":"wp","href":"https:\/\/api.w.org\/{rel}","templated":true}]}}