{"id":23898,"date":"2025-10-18T04:38:07","date_gmt":"2025-10-18T04:38:07","guid":{"rendered":"https:\/\/www.europesays.com\/lv\/23898\/"},"modified":"2025-10-18T04:38:07","modified_gmt":"2025-10-18T04:38:07","slug":"tramps-veido-jaunu-strategiju-ukrainas-miera-panaksanai-finansu-spiediens-un-diplomatija-lente-lv","status":"publish","type":"post","link":"https:\/\/www.europesays.com\/lv\/23898\/","title":{"rendered":"Tramps veido jaunu strat\u0113\u0123iju Ukrainas miera pan\u0101k\u0161anai: finan\u0161u spiediens un diplom\u0101tija\u00a0\u2014\u00a0Lente.lv"},"content":{"rendered":"<p>Trampa priorit\u0101te: Miera pan\u0101k\u0161ana Ukrain\u0101 un jauna strat\u0113\u0123ija attiec\u012bb\u0101 uz \u0136\u012bnu<\/p>\n<p>ASV prezidents Donalds Tramps ir izvirz\u012bjis miera pan\u0101k\u0161anu Ukrain\u0101 par vienu no sav\u0101m galvenaj\u0101m priorit\u0101t\u0113m, apzinoties, ka tas var\u0113tu pras\u012bt sare\u017e\u0123\u012btus un pat nepat\u012bkamus l\u0113mumus. Analiz\u0113jot vi\u0146a publiskos izteikumus un r\u012bc\u012bbu, ir skaidrs, ka Tramps mekl\u0113 netradicion\u0101lus veidus, k\u0101 izbeigt konfliktu, vienlaikus cen\u0161oties stiprin\u0101t Amerikas Savienoto Valstu poz\u012bcijas pasaul\u0113.<\/p>\n<p>Jauns finan\u0161u modelis Ukrainas atbalstam<\/p>\n<p>Viena no noz\u012bm\u012bg\u0101kaj\u0101m iniciat\u012bv\u0101m ir pl\u0101ns izveidot \u012bpa\u0161u fondu Ukrainas atbalstam, ko finans\u0113tu no muitas ie\u0146\u0113mumiem, kas g\u016bti no \u0136\u012bnai noteiktajiem augstajiem tarifiem, ja t\u0101 turpin\u0101s import\u0113t Krievijas naftu. \u0160\u012b strat\u0113\u0123ija, par kuru zi\u0146o britu laikraksts &#8220;The Telegraph&#8221;, var\u0113tu iez\u012bm\u0113t jaunu laikmetu gan ASV \u0101rpolitik\u0101, gan starptautiskaj\u0101s attiec\u012bb\u0101s. Ie\u0146\u0113mumi no \u0161iem nodok\u013ciem tiktu novirz\u012bti t\u0101 d\u0113v\u0113tajam &#8220;Ukrainas uzvaras fondam&#8221;, lai ieg\u0101d\u0101tos nepiecie\u0161amo ekip\u0113jumu un iero\u010dus Ukrainas bru\u0146otajiem sp\u0113kiem. Tramps jau iepriek\u0161 ir uzsv\u0113ris, ka ASV cen\u0161as \u0101tri izbeigt karu Ukrain\u0101 un ka Savienot\u0101s Valstis tie\u0161i nefinans\u0113s Ukrainu.<\/p>\n<p>Spiediens un diplom\u0101tija: Trampa pieeja<\/p>\n<p>Trampa pieeja miera pan\u0101k\u0161anai tiek rakteteriz\u0113ta k\u0101 &#8220;spiediens caur sp\u0113ku&#8221;, l\u012bdz\u012bgi k\u0101 tas tika nov\u0113rots konflikta risin\u0101\u0161an\u0101 Gazas josl\u0101. Lai gan pats Tramps ir paudis vil\u0161anos par Krievijas prezidenta Vladimira Putina nenoteikt\u012bbu un nesp\u0113ju pan\u0101kt mieru, vi\u0146\u0161 vienlaikus ir br\u012bdin\u0101jis par iesp\u0113jam\u0101m &#8220;\u013coti barg\u0101m sankcij\u0101m&#8221;, ja vieno\u0161an\u0101s netiks pan\u0101kta 50 dienu laik\u0101. Prezidents ir ar\u012b paudis gatav\u012bbu apspriest modernas ra\u0137e\u0161u sist\u0113mas, piem\u0113ram, &#8220;Tomahawk&#8221;, pieg\u0101di Ukrainai, lai gan uzsv\u0113ris, ka tas var\u0113tu izrais\u012bt konflikta eskal\u0101ciju. Krievijas amatpersonas, piem\u0113ram, Dmitrijs Medvedevs, ir rea\u0123\u0113ju\u0161i hist\u0113riski uz \u0161\u0101diem izteikumiem, uzskatot tos par politisku manipul\u0101ciju.<\/p>\n<p>Sare\u017e\u0123\u012btais ce\u013c\u0161 uz mieru<\/p>\n<p>Neskatoties uz Trampa ap\u0146\u0113m\u012bbu un akt\u012bvo diplom\u0101tiju, eksperti nor\u0101da, ka gan Krievija, gan Ukraina v\u0113l nav gatavas nosl\u0113gt miera l\u012bgumu. Past\u0101v fundament\u0101la at\u0161\u0137ir\u012bba gaid\u0101s, un Krievija bie\u017ei vien p\u0101rsp\u012bl\u0113 savus pan\u0101kumus kaujas lauk\u0101. Lai gan Tramps ir izteicis cer\u012bbu pan\u0101kt mieru l\u012bdz 2025. gada pavasarim, ce\u013c\u0161 uz to ir sare\u017e\u0123\u012bts un piepild\u012bts ar diplom\u0101tiskiem izaicin\u0101jumiem.<\/p>\n","protected":false},"excerpt":{"rendered":"Trampa priorit\u0101te: Miera pan\u0101k\u0161ana Ukrain\u0101 un jauna strat\u0113\u0123ija attiec\u012bb\u0101 uz \u0136\u012bnu ASV prezidents Donalds Tramps ir izvirz\u012bjis miera&hellip;\n","protected":false},"author":2,"featured_media":23899,"comment_status":"","ping_status":"","sticky":false,"template":"","format":"standard","meta":{"footnotes":""},"categories":[14],"tags":[23,57,7385,28,29,542,32,33,22,3354,7386,30,31,35,39,38,36,37,34,40,6374,20,26,27,24,25,54,55,56,21,58],"class_list":{"0":"post-23898","1":"post","2":"type-post","3":"status-publish","4":"format-standard","5":"has-post-thumbnail","7":"category-zinas-no-arvalstim","8":"tag-aktualitates","9":"tag-arvalstim","10":"tag-asv-arpolitika","11":"tag-breaking-news","12":"tag-breakingnews","13":"tag-donalds-tramps","14":"tag-featured-news","15":"tag-featurednews","16":"tag-headlines","17":"tag-kars-ukraina","18":"tag-kinas-tarifi","19":"tag-latest-news","20":"tag-latestnews","21":"tag-latvia","22":"tag-latvian","23":"tag-latviesu","24":"tag-latviesu-valoda","25":"tag-latviesuvaloda","26":"tag-latvija","27":"tag-lv","28":"tag-miers-ukraina","29":"tag-news","30":"tag-popularakas-zinas","31":"tag-popularakaszinas","32":"tag-top-stories","33":"tag-topstories","34":"tag-world","35":"tag-world-news","36":"tag-worldnews","37":"tag-zinas","38":"tag-zinas-no-arvalstim"},"share_on_mastodon":{"url":"","error":""},"_links":{"self":[{"href":"https:\/\/www.europesays.com\/lv\/wp-json\/wp\/v2\/posts\/23898","targetHints":{"allow":["GET"]}}],"collection":[{"href":"https:\/\/www.europesays.com\/lv\/wp-json\/wp\/v2\/posts"}],"about":[{"href":"https:\/\/www.europesays.com\/lv\/wp-json\/wp\/v2\/types\/post"}],"author":[{"embeddable":true,"href":"https:\/\/www.europesays.com\/lv\/wp-json\/wp\/v2\/users\/2"}],"replies":[{"embeddable":true,"href":"https:\/\/www.europesays.com\/lv\/wp-json\/wp\/v2\/comments?post=23898"}],"version-history":[{"count":0,"href":"https:\/\/www.europesays.com\/lv\/wp-json\/wp\/v2\/posts\/23898\/revisions"}],"wp:featuredmedia":[{"embeddable":true,"href":"https:\/\/www.europesays.com\/lv\/wp-json\/wp\/v2\/media\/23899"}],"wp:attachment":[{"href":"https:\/\/www.europesays.com\/lv\/wp-json\/wp\/v2\/media?parent=23898"}],"wp:term":[{"taxonomy":"category","embeddable":true,"href":"https:\/\/www.europesays.com\/lv\/wp-json\/wp\/v2\/categories?post=23898"},{"taxonomy":"post_tag","embeddable":true,"href":"https:\/\/www.europesays.com\/lv\/wp-json\/wp\/v2\/tags?post=23898"}],"curies":[{"name":"wp","href":"https:\/\/api.w.org\/{rel}","templated":true}]}}