{"id":23994,"date":"2025-10-18T07:03:10","date_gmt":"2025-10-18T07:03:10","guid":{"rendered":"https:\/\/www.europesays.com\/lv\/23994\/"},"modified":"2025-10-18T07:03:10","modified_gmt":"2025-10-18T07:03:10","slug":"krievija-izdomajusi-veidu-ka-kara-pret-ukrainu-potenciali-iesaistit-miljoniem-cilveku","status":"publish","type":"post","link":"https:\/\/www.europesays.com\/lv\/23994\/","title":{"rendered":"Krievija izdom\u0101jusi veidu, k\u0101 kar\u0101 pret Ukrainu potenci\u0101li iesaist\u012bt miljoniem cilv\u0113ku"},"content":{"rendered":"<p>Saska\u0146\u0101 ar \u0161obr\u012bd Krievij\u0101 sp\u0113k\u0101 eso\u0161ajiem likumiem Krievijas pilso\u0146us, kas atrodas mobiliz\u0101cijas rezerv\u0113, re\u0101l\u0101s kaujas darb\u012bb\u0101s var iesaist\u012bt vien\u012bgi mobiliz\u0101cijas apst\u0101k\u013cos. Turkl\u0101t tam ir nepiecie\u0161amas mobiliz\u0101cijas komisijas, kas kop\u0161 2023.gada vairs nemaz nedarbojas.<\/p>\n<p>\u0160oned\u0113\u013c Krievijas vald\u012bba apstiprin\u0101ja likumprojektu, kas \u013caus kar\u0101 pret Ukrainu iesaist\u012bt rezervistus bez karast\u0101vok\u013ca un mobiliz\u0101cijas izsludin\u0101\u0161anas. \u201cKar\u0161 pret Ukrainu\u201d \u0161aj\u0101 likumprojekt\u0101 gan tiek defin\u0113ts k\u0101 \u201cpretterorisma oper\u0101cijas, tostarp \u0101rvalst\u012bs\u201d.<\/p>\n","protected":false},"excerpt":{"rendered":"Saska\u0146\u0101 ar \u0161obr\u012bd Krievij\u0101 sp\u0113k\u0101 eso\u0161ajiem likumiem Krievijas pilso\u0146us, kas atrodas mobiliz\u0101cijas rezerv\u0113, re\u0101l\u0101s kaujas darb\u012bb\u0101s var iesaist\u012bt&hellip;\n","protected":false},"author":2,"featured_media":23995,"comment_status":"","ping_status":"","sticky":false,"template":"","format":"standard","meta":{"footnotes":""},"categories":[14],"tags":[23,57,28,29,32,33,22,234,74,30,31,35,39,38,36,37,34,40,7424,20,26,27,24,25,54,55,56,21,58],"class_list":{"0":"post-23994","1":"post","2":"type-post","3":"status-publish","4":"format-standard","5":"has-post-thumbnail","7":"category-zinas-no-arvalstim","8":"tag-aktualitates","9":"tag-arvalstim","10":"tag-breaking-news","11":"tag-breakingnews","12":"tag-featured-news","13":"tag-featurednews","14":"tag-headlines","15":"tag-krievija","16":"tag-krievijas-iebrukums-ukraina","17":"tag-latest-news","18":"tag-latestnews","19":"tag-latvia","20":"tag-latvian","21":"tag-latviesu","22":"tag-latviesu-valoda","23":"tag-latviesuvaloda","24":"tag-latvija","25":"tag-lv","26":"tag-mobilizacija","27":"tag-news","28":"tag-popularakas-zinas","29":"tag-popularakaszinas","30":"tag-top-stories","31":"tag-topstories","32":"tag-world","33":"tag-world-news","34":"tag-worldnews","35":"tag-zinas","36":"tag-zinas-no-arvalstim"},"share_on_mastodon":{"url":"","error":""},"_links":{"self":[{"href":"https:\/\/www.europesays.com\/lv\/wp-json\/wp\/v2\/posts\/23994","targetHints":{"allow":["GET"]}}],"collection":[{"href":"https:\/\/www.europesays.com\/lv\/wp-json\/wp\/v2\/posts"}],"about":[{"href":"https:\/\/www.europesays.com\/lv\/wp-json\/wp\/v2\/types\/post"}],"author":[{"embeddable":true,"href":"https:\/\/www.europesays.com\/lv\/wp-json\/wp\/v2\/users\/2"}],"replies":[{"embeddable":true,"href":"https:\/\/www.europesays.com\/lv\/wp-json\/wp\/v2\/comments?post=23994"}],"version-history":[{"count":0,"href":"https:\/\/www.europesays.com\/lv\/wp-json\/wp\/v2\/posts\/23994\/revisions"}],"wp:featuredmedia":[{"embeddable":true,"href":"https:\/\/www.europesays.com\/lv\/wp-json\/wp\/v2\/media\/23995"}],"wp:attachment":[{"href":"https:\/\/www.europesays.com\/lv\/wp-json\/wp\/v2\/media?parent=23994"}],"wp:term":[{"taxonomy":"category","embeddable":true,"href":"https:\/\/www.europesays.com\/lv\/wp-json\/wp\/v2\/categories?post=23994"},{"taxonomy":"post_tag","embeddable":true,"href":"https:\/\/www.europesays.com\/lv\/wp-json\/wp\/v2\/tags?post=23994"}],"curies":[{"name":"wp","href":"https:\/\/api.w.org\/{rel}","templated":true}]}}