{"id":24020,"date":"2025-10-18T07:53:08","date_gmt":"2025-10-18T07:53:08","guid":{"rendered":"https:\/\/www.europesays.com\/lv\/24020\/"},"modified":"2025-10-18T07:53:08","modified_gmt":"2025-10-18T07:53:08","slug":"piektdien-satiksmes-negadijumos-cietusi-14-cilveki-piekerti-12-dzerajsoferi","status":"publish","type":"post","link":"https:\/\/www.europesays.com\/lv\/24020\/","title":{"rendered":"Piektdien satiksmes negad\u012bjumos cietu\u0161i 14 cilv\u0113ki; pie\u0137erti 12 dz\u0113r\u0101j\u0161oferi"},"content":{"rendered":"<p>Kopum\u0101 pag\u0101ju\u0161aj\u0101 diennakt\u012b Latvij\u0101 re\u0123istr\u0113ti 162 ce\u013cu satiksmes negad\u012bjumi.<\/p>\n<p>R\u012bgas re\u0123ion\u0101 pag\u0101ju\u0161aj\u0101 diennakt\u012b re\u0123istr\u0113ti 116 ce\u013cu satiksmes negad\u012bjumi, kuros cietu\u0161i 11 cilv\u0113ki, tostarp viens g\u0101j\u0113js, divi velosip\u0113disti un viens elektrisk\u0101 skrejrite\u0146a vad\u012bt\u0101js.<\/p>\n<p>Latgal\u0113 re\u0123istr\u0113ti 18 ce\u013cu satiksmes negad\u012bjumi, kuros cietis viens cilv\u0113ks, bet Vidzem\u0113 pag\u0101ju\u0161aj\u0101 diennakt\u012b re\u0123istr\u0113ti 11 ce\u013cu satiksmes negad\u012bjumi, kuros ar\u012b cietis viens cilv\u0113ks.<\/p>\n<p>Kurzem\u0113 fiks\u0113ti devi\u0146i ce\u013cu satiksmes negad\u012bjumi, kuros nav bijis cietu\u0161o, bet Zemgal\u0113 biju\u0161i asto\u0146i ce\u013cu satiksmes negad\u012bjumi, kuros cietis viens cilv\u0113ks.<\/p>\n<p>Par brauk\u0161anu alkohola reibum\u0101 pag\u0101ju\u0161aj\u0101 diennakt\u012b pie\u0137erti 12 transportl\u012bdzek\u013cu vad\u012bt\u0101ji<\/p>\n<p>Par brauk\u0161anu alkohola reibum\u0101 \u010detri transportl\u012bdzek\u013cu vad\u012bt\u0101ji pie\u0137erti R\u012bgas re\u0123ion\u0101, tr\u012bs &#8211; Latgal\u0113, pa diviem Vidzem\u0113 un Kurzem\u0113, k\u0101 ar\u012b viens Zemgal\u0113.<\/p>\n<p>Par transportl\u012bdzek\u013ca vad\u012b\u0161anu alkohola reibum\u0101 s\u0101kti divi administrat\u012bv\u0101 p\u0101rk\u0101puma procesi un 10 krimin\u0101lprocesi. Automa\u0161\u012bnas konfisk\u0101cija tiks piem\u0113rota \u010detros gad\u012bjumos.<\/p>\n<p>Pag\u0101ju\u0161aj\u0101 diennakt\u012b uz Latvijas autoce\u013ciem pie\u0137erti ar\u012b 250 at\u013caut\u0101 brauk\u0161anas \u0101truma p\u0101rsniedz\u0113ji, tostarp 88 Vidzem\u0113, 60 Latgal\u0113, 58 Kurzem\u0113, 28 Zemgal\u0113 un 16 R\u012bgas re\u0123ion\u0101.<\/p>\n<p>T\u0101pat tr\u012bs transportl\u012bdzek\u013cu vad\u012bt\u0101ji pie\u0137erti par agres\u012bvu brauk\u0161anu, tostarp divi Kurzem\u0113 un viens R\u012bgas re\u0123ion\u0101.<\/p>\n","protected":false},"excerpt":{"rendered":"Kopum\u0101 pag\u0101ju\u0161aj\u0101 diennakt\u012b Latvij\u0101 re\u0123istr\u0113ti 162 ce\u013cu satiksmes negad\u012bjumi. R\u012bgas re\u0123ion\u0101 pag\u0101ju\u0161aj\u0101 diennakt\u012b re\u0123istr\u0113ti 116 ce\u013cu satiksmes negad\u012bjumi,&hellip;\n","protected":false},"author":2,"featured_media":24021,"comment_status":"","ping_status":"","sticky":false,"template":"","format":"standard","meta":{"footnotes":""},"categories":[5],"tags":[23,1465,28,29,5810,32,33,22,30,31,35,39,38,36,37,34,40,20,26,27,1528,24,25,138,21],"class_list":{"0":"post-24020","1":"post","2":"type-post","3":"status-publish","4":"format-standard","5":"has-post-thumbnail","7":"category-aktualitates","8":"tag-aktualitates","9":"tag-autoavarijas","10":"tag-breaking-news","11":"tag-breakingnews","12":"tag-dzerajsoferis","13":"tag-featured-news","14":"tag-featurednews","15":"tag-headlines","16":"tag-latest-news","17":"tag-latestnews","18":"tag-latvia","19":"tag-latvian","20":"tag-latviesu","21":"tag-latviesu-valoda","22":"tag-latviesuvaloda","23":"tag-latvija","24":"tag-lv","25":"tag-news","26":"tag-popularakas-zinas","27":"tag-popularakaszinas","28":"tag-satiksmes-drosiba","29":"tag-top-stories","30":"tag-topstories","31":"tag-valsts-policija","32":"tag-zinas"},"share_on_mastodon":{"url":"","error":""},"_links":{"self":[{"href":"https:\/\/www.europesays.com\/lv\/wp-json\/wp\/v2\/posts\/24020","targetHints":{"allow":["GET"]}}],"collection":[{"href":"https:\/\/www.europesays.com\/lv\/wp-json\/wp\/v2\/posts"}],"about":[{"href":"https:\/\/www.europesays.com\/lv\/wp-json\/wp\/v2\/types\/post"}],"author":[{"embeddable":true,"href":"https:\/\/www.europesays.com\/lv\/wp-json\/wp\/v2\/users\/2"}],"replies":[{"embeddable":true,"href":"https:\/\/www.europesays.com\/lv\/wp-json\/wp\/v2\/comments?post=24020"}],"version-history":[{"count":0,"href":"https:\/\/www.europesays.com\/lv\/wp-json\/wp\/v2\/posts\/24020\/revisions"}],"wp:featuredmedia":[{"embeddable":true,"href":"https:\/\/www.europesays.com\/lv\/wp-json\/wp\/v2\/media\/24021"}],"wp:attachment":[{"href":"https:\/\/www.europesays.com\/lv\/wp-json\/wp\/v2\/media?parent=24020"}],"wp:term":[{"taxonomy":"category","embeddable":true,"href":"https:\/\/www.europesays.com\/lv\/wp-json\/wp\/v2\/categories?post=24020"},{"taxonomy":"post_tag","embeddable":true,"href":"https:\/\/www.europesays.com\/lv\/wp-json\/wp\/v2\/tags?post=24020"}],"curies":[{"name":"wp","href":"https:\/\/api.w.org\/{rel}","templated":true}]}}