{"id":24081,"date":"2025-10-18T09:25:09","date_gmt":"2025-10-18T09:25:09","guid":{"rendered":"https:\/\/www.europesays.com\/lv\/24081\/"},"modified":"2025-10-18T09:25:09","modified_gmt":"2025-10-18T09:25:09","slug":"dmitrijs-kulikovs-izslegts-uz-pieciem-menesiem-lente-lv","status":"publish","type":"post","link":"https:\/\/www.europesays.com\/lv\/24081\/","title":{"rendered":"Dmitrijs Ku\u013cikovs izsl\u0113gts uz pieciem m\u0113ne\u0161iem\u00a0\u2014\u00a0Lente.lv"},"content":{"rendered":"<p>Floridas &#8220;Panthers&#8221; aizsardz\u012bbas l\u012bnija piedz\u012bvo satricin\u0101jumu: Dmitrijs Ku\u013cikovs izsl\u0113gts uz pieciem m\u0113ne\u0161iem<\/p>\n<p>Floridas &#8220;Panthers&#8221; komanda, kas p\u0113d\u0113jos divus gadus p\u0113c k\u0101rtas izc\u012bn\u012bjusi Stenlija kausu, saskaras ar nopietnu p\u0101rbaud\u012bjumu pirms jaun\u0101s NHL sezonas. Viens no pieredz\u0113ju\u0161\u0101kajiem aizsargiem, Dmitrijs Ku\u013cikovs, guvis nopietnu aug\u0161\u0113j\u0101s \u0137erme\u0146a da\u013cas savainojumu, k\u0101 rezult\u0101t\u0101 vi\u0146am b\u016bs nepiecie\u0161ama oper\u0101cija, un vi\u0146a promb\u016btne ilgs aptuveni piecus m\u0113ne\u0161us. \u0160\u012b zi\u0146a ir smags trieciens komandai, kas gatavojas c\u012b\u0146ai par v\u0113sturisku tr\u012bsk\u0101rt\u0113ju Stenlija kausa izc\u012bn\u012b\u0161anu. Ku\u013cikova atgrie\u0161an\u0101s gaid\u0101ma ne agr\u0101k k\u0101 2026. gada mart\u0101.<\/p>\n<p>\u0160is savainojums paver jaunas durvis latvie\u0161u aizsargam Uvim Balinskim, kuram tagad ir re\u0101la iesp\u0113ja nostiprin\u0101ties komandas sast\u0101v\u0101 un ieg\u016bt regul\u0101ru sp\u0113les laiku. Balinskis, kur\u0161 iepriek\u0161\u0113j\u0101s sezon\u0101s bie\u017ei v\u0113roja sp\u0113les no malas k\u0101 sept\u012btais aizsargs, sav\u0101 l\u012bgum\u0101 ar &#8220;Panthers&#8221; ir l\u012bdz \u0161\u012bs sezonas beig\u0101m, un \u0161\u012b ir vi\u0146a izcil\u0101 izdev\u012bba apliecin\u0101t savu v\u0113rt\u012bbu NHL l\u012bmen\u012b. Lai gan vi\u0146a sniegums div\u0101s pirmaj\u0101s sp\u0113l\u0113s nav bijis spo\u017es, g\u016bstot negat\u012bvu lietder\u012bbu, Balinska sp\u0113ja p\u0101rvietot ripu un sp\u0113l\u0113t abos virzienos ir augstu v\u0113rt\u0113ta, un vi\u0146\u0161 ir jau iecelts tre\u0161aj\u0101 aizsargu p\u0101r\u012b kop\u0101 ar veter\u0101nu D\u017eefu P\u012btriju.<\/p>\n<p>Ku\u013cikova karjera un ietekme uz komandas sniegumu<\/p>\n<p>Dmitrijs Ku\u013cikovs, 34 gadus vecais krievu aizsargs, ir ilggad\u0113js un uzticams &#8220;Panthers&#8221; sp\u0113l\u0113t\u0101js. Vi\u0146a promb\u016btne rada iev\u0113rojamu robu komandas aizsardz\u012bbas dzi\u013cum\u0101. Ku\u013cikovs ir paz\u012bstams ar savu stingro sp\u0113li aizsardz\u012bb\u0101, sp\u0113ju efekt\u012bvi blo\u0137\u0113t metienus un p\u0101rtraukt pretinieku uzbrukumus. Sav\u0101s iepriek\u0161\u0113j\u0101s div\u0101s regul\u0101raj\u0101s sezon\u0101s vi\u0146\u0161 aizvad\u012bjis 146 sp\u0113les, guvis 33 punktus (5+28), sakr\u0101jis 101 soda min\u016bti un pozit\u012bvu lietder\u012bbas koeficientu +27. Savuk\u0101rt div\u0101s Stenlija kausa izc\u012b\u0146\u0101s vi\u0146\u0161 piedal\u012bjies 47 sp\u0113l\u0113s, g\u016bstot 7 punktus (2+5), 30 soda min\u016btes un pozit\u012bvu lietder\u012bbas koeficientu +5. Vi\u0146a izpratne par sp\u0113li un pieredze ir nenov\u0113rt\u0113jama komandai, \u012bpa\u0161i tik svar\u012bgos br\u012b\u017eos k\u0101 Stenlija kausa izc\u012b\u0146a. Ku\u013cikova \u010detru gadu l\u012bgums ar &#8220;Panthers&#8221; paredz vid\u0113jo gada atalgojumu 1,15 miljonu ASV dol\u0101ru apm\u0113r\u0101.<\/p>\n<p>Uvja Balinska izaugsme un n\u0101kotnes perspekt\u012bvas<\/p>\n<p>Uvim Balinskim, kur\u0161 savulaik p\u0101rst\u0101v\u0113ja Latvijas izlasi pasaules \u010dempion\u0101t\u0101, ieg\u016bstot bronzas meda\u013cu 2023. gad\u0101, \u0161\u012b ir noz\u012bm\u012bga sezona. P\u0113c l\u012bguma parakst\u012b\u0161anas ar &#8220;Panthers&#8221; 2023. gad\u0101, vi\u0146\u0161 ir centies pier\u0101d\u012bt sevi. Pag\u0101ju\u0161aj\u0101 sezon\u0101 vi\u0146\u0161 piedal\u012bj\u0101s 76 sp\u0113l\u0113s, g\u016bstot 18 punktus (4+14) un vid\u0113ji sp\u0113l\u0113 pavadot 14 min\u016btes un 51 sekundi. Vi\u0146\u0161 ar\u012b guva savus pirmos Stenlija kausa izc\u012b\u0146as v\u0101rtus. Lai gan vi\u0146a pa\u0161reiz\u0113j\u0101 lietder\u012bba (-1) nav ide\u0101la, sp\u0113les laiks pieaug, un treneri nov\u0113rt\u0113 vi\u0146a sp\u0113jas. Balinska l\u012bgums ar &#8220;Panthers&#8221; beidzas p\u0113c \u0161\u012bs sezonas, t\u0101p\u0113c vi\u0146a sniegums \u0161obr\u012bd ir \u012bpa\u0161i svar\u012bgs vi\u0146a turpm\u0101kajai karjerai. Vi\u0146\u0161 jau ir ieguvis divus Stenlija kausus kop\u0101 ar &#8220;Panthers&#8221; (2024. un 2025. gad\u0101), par\u0101dot, ka sp\u0113j b\u016bt da\u013ca no uzvar\u0113t\u0101ju komandas.<\/p>\n<p>Komandas izaicin\u0101jumi un perspekt\u012bvas<\/p>\n<p>&#8220;Panthers&#8221; komanda, neskatoties uz saviem nesenajiem pan\u0101kumiem, saskaras ar nep\u0101rtrauktiem izaicin\u0101jumiem. Pirms sezonas sast\u0101vu jau papildin\u0101ja aizsargs Donovans Sebrango, kur\u0161 pievienoj\u0101s komandai no Otavas &#8220;Senators&#8221; neaizsarg\u0101to sp\u0113l\u0113t\u0101ju saraksta. Sebrango, 23 gadus vecs aizsargs, pag\u0101ju\u0161aj\u0101 gad\u0101 debit\u0113ja NHL un aizvad\u012bjis 220 sp\u0113les AHL. Vi\u0146a iera\u0161an\u0101s sniedz papildu dzi\u013cumu un c\u012b\u0146assparu aizsardz\u012bb\u0101, kas ir \u013coti nepiecie\u0161ams, \u0146emot v\u0113r\u0101 Ku\u013cikova promb\u016btni. Komanda ir ar\u012b sask\u0101rusies ar savainojumiem uzbrukum\u0101, ieskaitot Aleksandru Barkovu, Metj\u016b Tka\u010daku un Tom\u0101\u0161u Noseku, kas liecina par nepiecie\u0161am\u012bbu past\u0101v\u012bgi stiprin\u0101t sast\u0101vu. Neskatoties uz \u0161iem \u0161\u0137\u0113r\u0161\u013ciem, &#8220;Panthers&#8221; ir pier\u0101d\u012bju\u0161i savu sp\u0113ju uzvar\u0113t un piel\u0101goties, un vi\u0146u m\u0113r\u0137is saglab\u0101jas augsts \u2013 aizst\u0101v\u0113t Stenlija kausu un nodro\u0161in\u0101t v\u0113sturisku tr\u012bsk\u0101r\u0161u uzvaru.<\/p>\n<p>\u201cPanthers\u201d \u0161osezon ir piedz\u012bvojusi jau s\u0101p\u012bgus zaud\u0113jumus, neskatoties uz to, ka t\u0101 ir k\u013cuvusi par divk\u0101rt\u0113ju Stenlija kausa ieguv\u0113ju. Tas liecina par to, ka l\u012bg\u0101 konkurence ir \u013coti augsta, un jebkur\u0161 ma\u010ds var beigties negaid\u012bti. Jaun\u0101s sezonas s\u0101kum\u0101 &#8220;Panthers&#8221; ir izdevies izc\u012bn\u012bt vienu uzvaru un piedz\u012bvot divus zaud\u0113jumus. Lai gan Balinskim tika dota iesp\u0113ja sp\u0113l\u0113t otraj\u0101 vair\u0101kuma pieciniek\u0101, vi\u0146a sniegums nav bijis p\u0101rliecino\u0161s. Tom\u0113r, \u0146emot v\u0113r\u0101 Ku\u013cikova ilgo promb\u016btni, Balinskim joproj\u0101m b\u016bs iesp\u0113ja sevi pier\u0101d\u012bt un peln\u012bt vietu sast\u0101v\u0101. Tagad\u0113jais galvenais treneris Pols Moriss un vi\u0146a komanda noteikti cent\u012bsies atrast optim\u0101los risin\u0101jumus, lai p\u0101rvar\u0113tu \u0161o gr\u016bto periodu un saglab\u0101tu poz\u012bcijas l\u012bg\u0101.<\/p>\n","protected":false},"excerpt":{"rendered":"Floridas &#8220;Panthers&#8221; aizsardz\u012bbas l\u012bnija piedz\u012bvo satricin\u0101jumu: Dmitrijs Ku\u013cikovs izsl\u0113gts uz pieciem m\u0113ne\u0161iem Floridas &#8220;Panthers&#8221; komanda, kas p\u0113d\u0113jos divus&hellip;\n","protected":false},"author":2,"featured_media":24082,"comment_status":"","ping_status":"","sticky":false,"template":"","format":"standard","meta":{"footnotes":""},"categories":[17],"tags":[7449,425,35,39,38,36,37,34,40,835,5135,67,3953],"class_list":{"0":"post-24081","1":"post","2":"type-post","3":"status-publish","4":"format-standard","5":"has-post-thumbnail","7":"category-sports","8":"tag-dmitrijs-kulikovs","9":"tag-floridas-panthers","10":"tag-latvia","11":"tag-latvian","12":"tag-latviesu","13":"tag-latviesu-valoda","14":"tag-latviesuvaloda","15":"tag-latvija","16":"tag-lv","17":"tag-nhl","18":"tag-savainojums","19":"tag-sports","20":"tag-uvis-balinskis"},"share_on_mastodon":{"url":"","error":""},"_links":{"self":[{"href":"https:\/\/www.europesays.com\/lv\/wp-json\/wp\/v2\/posts\/24081","targetHints":{"allow":["GET"]}}],"collection":[{"href":"https:\/\/www.europesays.com\/lv\/wp-json\/wp\/v2\/posts"}],"about":[{"href":"https:\/\/www.europesays.com\/lv\/wp-json\/wp\/v2\/types\/post"}],"author":[{"embeddable":true,"href":"https:\/\/www.europesays.com\/lv\/wp-json\/wp\/v2\/users\/2"}],"replies":[{"embeddable":true,"href":"https:\/\/www.europesays.com\/lv\/wp-json\/wp\/v2\/comments?post=24081"}],"version-history":[{"count":0,"href":"https:\/\/www.europesays.com\/lv\/wp-json\/wp\/v2\/posts\/24081\/revisions"}],"wp:featuredmedia":[{"embeddable":true,"href":"https:\/\/www.europesays.com\/lv\/wp-json\/wp\/v2\/media\/24082"}],"wp:attachment":[{"href":"https:\/\/www.europesays.com\/lv\/wp-json\/wp\/v2\/media?parent=24081"}],"wp:term":[{"taxonomy":"category","embeddable":true,"href":"https:\/\/www.europesays.com\/lv\/wp-json\/wp\/v2\/categories?post=24081"},{"taxonomy":"post_tag","embeddable":true,"href":"https:\/\/www.europesays.com\/lv\/wp-json\/wp\/v2\/tags?post=24081"}],"curies":[{"name":"wp","href":"https:\/\/api.w.org\/{rel}","templated":true}]}}