{"id":240898,"date":"2026-07-03T06:18:09","date_gmt":"2026-07-03T06:18:09","guid":{"rendered":"https:\/\/www.europesays.com\/lv\/240898\/"},"modified":"2026-07-03T06:18:09","modified_gmt":"2026-07-03T06:18:09","slug":"pujats-atzist-robezsargu-ierobezotas-spejas-aizturet-visus-parkapejus","status":"publish","type":"post","link":"https:\/\/www.europesays.com\/lv\/240898\/","title":{"rendered":"Puj\u0101ts atz\u012bst robe\u017esargu ierobe\u017eot\u0101s sp\u0113jas aiztur\u0113t visus p\u0101rk\u0101p\u0113jus"},"content":{"rendered":"<p>Puj\u0101ts st\u0101st\u012bja, ka p\u0101rvad\u0101t\u0101ji tiek verv\u0113ti soci\u0101laj\u0101s platform\u0101s, solot it k\u0101 bezriska darbu. Tom\u0113r vi\u0146\u0161 uzsv\u0113ra, ka tiesiskie instrumenti \u013cauj pan\u0101kt re\u0101lus cietumsodus &#8211; l\u012bdz pat se\u0161iem gadiem.<\/p>\n<p>Robe\u017esardzes priek\u0161nieks ar\u012b uzsv\u0113ra, ka robe\u017ep\u0101rk\u0101p\u0113ji k\u013c\u016bst agres\u012bv\u0101ki. P\u0113c vi\u0146a teikt\u0101, pret robe\u017esargiem tiek mesti akme\u0146i, un migranti tiek apm\u0101c\u012bti r\u012bkoties agreagres\u012bvi.<\/p>\n<p>K\u0101 zi\u0146ots, kopum\u0101 \u0161ogad no valsts robe\u017eas nelikum\u012bgas \u0161\u0137\u0113rso\u0161anas ir attur\u0113ti 7018 cilv\u0113ki.<\/p>\n<p>Vald\u012bba l\u012bdz \u0161\u012b gada 31. decembrim pagarin\u0101jusi pastiprin\u0101t\u0101s robe\u017eapsardz\u012bbas re\u017e\u012bmu Baltkrievijas pierobe\u017e\u0101. Tas noteikts Baltkrievijas rad\u012bt\u0101s paaugstin\u0101t\u0101s neleg\u0101lo migrantu pl\u016bsmas d\u0113\u013c. Pastiprin\u0101t\u0101s kontroles re\u017e\u012bms noteikts Ludz\u0101 un Ludzas novada pagastos, Kr\u0101slav\u0101 un novada pagastos, Aug\u0161daugavas novad\u0101, Daugavpil\u012b un R\u0113zeknes novada Kaunatas pagast\u0101.<\/p>\n<p>P\u0113rn kopum\u0101 Valsts robe\u017esardze nov\u0113rsusi 12 046 cilv\u0113ku m\u0113\u0123in\u0101jumus nelikum\u012bgi \u0161\u0137\u0113rsot Baltkrievijas-Latvijas robe\u017eu. Hum\u0101nu apsv\u0113rumu d\u0113\u013c robe\u017eas \u0161\u0137\u0113rso\u0161ana p\u0113rn nav liegta 31 neleg\u0101lajam migrantam. 2024. gad\u0101 no Baltkrievijas-Latvijas robe\u017eas nelikum\u012bgas \u0161\u0137\u0113rso\u0161anas tika attur\u0113ti 5388 cilv\u0113ki, bet hum\u0101nu apsv\u0113rumu d\u0113\u013c valst\u012b tika uz\u0146emti 26 cilv\u0113ki.<\/p>\n","protected":false},"excerpt":{"rendered":"Puj\u0101ts st\u0101st\u012bja, ka p\u0101rvad\u0101t\u0101ji tiek verv\u0113ti soci\u0101laj\u0101s platform\u0101s, solot it k\u0101 bezriska darbu. Tom\u0113r vi\u0146\u0161 uzsv\u0113ra, ka tiesiskie&hellip;\n","protected":false},"author":2,"featured_media":240899,"comment_status":"","ping_status":"","sticky":false,"template":"","format":"standard","meta":{"footnotes":"","_share_on_mastodon":"0"},"categories":[12],"tags":[23,625,28,29,32,33,40381,22,30,31,35,39,38,36,37,34,1589,40,7958,20,26,27,1588,24,25,21],"class_list":["post-240898","post","type-post","status-publish","format-standard","has-post-thumbnail","category-latvija","tag-aktualitates","tag-austrumu-robeza","tag-breaking-news","tag-breakingnews","tag-featured-news","tag-featurednews","tag-guntis-pujats","tag-headlines","tag-latest-news","tag-latestnews","tag-latvia","tag-latvian","tag-latviesu","tag-latviesu-valoda","tag-latviesuvaloda","tag-latvija","tag-latvijas-un-baltkrievijas-robeza","tag-lv","tag-nelegala-migracija","tag-news","tag-popularakas-zinas","tag-popularakaszinas","tag-robeza","tag-top-stories","tag-topstories","tag-zinas"],"share_on_mastodon":{"url":"https:\/\/pubeurope.com\/@lv\/116854594541654111","error":""},"_links":{"self":[{"href":"https:\/\/www.europesays.com\/lv\/wp-json\/wp\/v2\/posts\/240898","targetHints":{"allow":["GET"]}}],"collection":[{"href":"https:\/\/www.europesays.com\/lv\/wp-json\/wp\/v2\/posts"}],"about":[{"href":"https:\/\/www.europesays.com\/lv\/wp-json\/wp\/v2\/types\/post"}],"author":[{"embeddable":true,"href":"https:\/\/www.europesays.com\/lv\/wp-json\/wp\/v2\/users\/2"}],"replies":[{"embeddable":true,"href":"https:\/\/www.europesays.com\/lv\/wp-json\/wp\/v2\/comments?post=240898"}],"version-history":[{"count":0,"href":"https:\/\/www.europesays.com\/lv\/wp-json\/wp\/v2\/posts\/240898\/revisions"}],"wp:featuredmedia":[{"embeddable":true,"href":"https:\/\/www.europesays.com\/lv\/wp-json\/wp\/v2\/media\/240899"}],"wp:attachment":[{"href":"https:\/\/www.europesays.com\/lv\/wp-json\/wp\/v2\/media?parent=240898"}],"wp:term":[{"taxonomy":"category","embeddable":true,"href":"https:\/\/www.europesays.com\/lv\/wp-json\/wp\/v2\/categories?post=240898"},{"taxonomy":"post_tag","embeddable":true,"href":"https:\/\/www.europesays.com\/lv\/wp-json\/wp\/v2\/tags?post=240898"}],"curies":[{"name":"wp","href":"https:\/\/api.w.org\/{rel}","templated":true}]}}