{"id":24104,"date":"2025-10-18T10:11:08","date_gmt":"2025-10-18T10:11:08","guid":{"rendered":"https:\/\/www.europesays.com\/lv\/24104\/"},"modified":"2025-10-18T10:11:08","modified_gmt":"2025-10-18T10:11:08","slug":"atkartota-vardarbiba-nav-risinajums-valsts-policija-turpina-izmeklesanu-saistiba-ar-modra-nosautajiem-suniem","status":"publish","type":"post","link":"https:\/\/www.europesays.com\/lv\/24104\/","title":{"rendered":"&#8220;Atk\u0101rtota vardarb\u012bba nav risin\u0101jums.&#8221; Valsts policija turpina izmekl\u0113\u0161anu saist\u012bb\u0101 ar Modra no\u0161autajiem su\u0146iem"},"content":{"rendered":"<p>Valsts policija atg\u0101dina, ka neviena persona netiek uzskat\u012bta par vain\u012bgu, kam\u0113r t\u0101s vaina noziedz\u012bga nodar\u012bjuma izdar\u012b\u0161an\u0101 netiek pier\u0101d\u012bta likum\u0101 noteiktaj\u0101 k\u0101rt\u012bb\u0101.<\/p>\n<p>Jau zi\u0146ots, ka \u0161\u012b gada 10. oktobr\u012b Valsts policij\u0101 sa\u0146emta inform\u0101cija par to, ka Bauskas novad\u0101, Brunavas pagast\u0101 k\u0101da priv\u0101t\u012bpa\u0161uma teritorij\u0101 no\u0161auti tr\u012bs su\u0146i. S\u0101kotn\u0113ji uz notikuma vietu izbrauca Bauskas pa\u0161vald\u012bbas policijas ekip\u0101\u017ea, k\u0101 ar\u012b mednieks.<\/p>\n<p>Valsts policija inform\u0101ciju sa\u0146\u0113ma p\u0113c notiku\u0161\u0101 un saist\u012bb\u0101 ar notiku\u0161o uzs\u0101ka krimin\u0101lprocesu par cietsird\u012bgu iztur\u0113\u0161anos pret dz\u012bvniekiem un dz\u012bvnieku sp\u012bdzin\u0101\u0161anu, ja to izdar\u012bjusi personu grupa p\u0113c iepriek\u0161\u0113jas vieno\u0161an\u0101s vai ja ar to rad\u012bts b\u016btisks kait\u0113jums, vai par cietsird\u012bgu iztur\u0113\u0161anos pret dz\u012bvnieku, k\u0101 rezult\u0101t\u0101 tas g\u0101jis boj\u0101, vai par dz\u012bvnieka sp\u012bdzin\u0101\u0161anu, k\u0101 rezult\u0101t\u0101 tas g\u0101jis boj\u0101 vai sakrop\u013cots.<\/p>\n<p>Par \u0161\u0101du nodar\u012bjumu soda ar br\u012bv\u012bbas at\u0146em\u0161anu uz laiku l\u012bdz pieciem gadiem vai ar \u012bslaic\u012bgu br\u012bv\u012bbas at\u0146em\u0161anu, vai ar prob\u0101cijas uzraudz\u012bbu, at\u0146emot ties\u012bbas uz noteiktu vai visu sugu dz\u012bvnieku tur\u0113\u0161anu uz laiku l\u012bdz pieciem gadiem.<\/p>\n","protected":false},"excerpt":{"rendered":"Valsts policija atg\u0101dina, ka neviena persona netiek uzskat\u012bta par vain\u012bgu, kam\u0113r t\u0101s vaina noziedz\u012bga nodar\u012bjuma izdar\u012b\u0161an\u0101 netiek pier\u0101d\u012bta&hellip;\n","protected":false},"author":2,"featured_media":24105,"comment_status":"","ping_status":"","sticky":false,"template":"","format":"standard","meta":{"footnotes":""},"categories":[5],"tags":[23,28,29,5807,32,33,22,6786,30,31,35,39,38,36,37,34,40,20,26,27,24,25,138,21],"class_list":{"0":"post-24104","1":"post","2":"type-post","3":"status-publish","4":"format-standard","5":"has-post-thumbnail","7":"category-aktualitates","8":"tag-aktualitates","9":"tag-breaking-news","10":"tag-breakingnews","11":"tag-dzivnieki","12":"tag-featured-news","13":"tag-featurednews","14":"tag-headlines","15":"tag-kriminalprocess","16":"tag-latest-news","17":"tag-latestnews","18":"tag-latvia","19":"tag-latvian","20":"tag-latviesu","21":"tag-latviesu-valoda","22":"tag-latviesuvaloda","23":"tag-latvija","24":"tag-lv","25":"tag-news","26":"tag-popularakas-zinas","27":"tag-popularakaszinas","28":"tag-top-stories","29":"tag-topstories","30":"tag-valsts-policija","31":"tag-zinas"},"share_on_mastodon":{"url":"","error":""},"_links":{"self":[{"href":"https:\/\/www.europesays.com\/lv\/wp-json\/wp\/v2\/posts\/24104","targetHints":{"allow":["GET"]}}],"collection":[{"href":"https:\/\/www.europesays.com\/lv\/wp-json\/wp\/v2\/posts"}],"about":[{"href":"https:\/\/www.europesays.com\/lv\/wp-json\/wp\/v2\/types\/post"}],"author":[{"embeddable":true,"href":"https:\/\/www.europesays.com\/lv\/wp-json\/wp\/v2\/users\/2"}],"replies":[{"embeddable":true,"href":"https:\/\/www.europesays.com\/lv\/wp-json\/wp\/v2\/comments?post=24104"}],"version-history":[{"count":0,"href":"https:\/\/www.europesays.com\/lv\/wp-json\/wp\/v2\/posts\/24104\/revisions"}],"wp:featuredmedia":[{"embeddable":true,"href":"https:\/\/www.europesays.com\/lv\/wp-json\/wp\/v2\/media\/24105"}],"wp:attachment":[{"href":"https:\/\/www.europesays.com\/lv\/wp-json\/wp\/v2\/media?parent=24104"}],"wp:term":[{"taxonomy":"category","embeddable":true,"href":"https:\/\/www.europesays.com\/lv\/wp-json\/wp\/v2\/categories?post=24104"},{"taxonomy":"post_tag","embeddable":true,"href":"https:\/\/www.europesays.com\/lv\/wp-json\/wp\/v2\/tags?post=24104"}],"curies":[{"name":"wp","href":"https:\/\/api.w.org\/{rel}","templated":true}]}}