{"id":24108,"date":"2025-10-18T10:15:12","date_gmt":"2025-10-18T10:15:12","guid":{"rendered":"https:\/\/www.europesays.com\/lv\/24108\/"},"modified":"2025-10-18T10:15:12","modified_gmt":"2025-10-18T10:15:12","slug":"likas-ka-svinam-uzvaru-bet-viss-kluvis-vel-sliktak-didrihsone-joprojam-iestregusi-arabu-emiratos","status":"publish","type":"post","link":"https:\/\/www.europesays.com\/lv\/24108\/","title":{"rendered":"&#8220;Lik\u0101s, ka svinam uzvaru, bet viss k\u013cuvis v\u0113l slikt\u0101k&#8230;&#8221; Didrihsone joproj\u0101m &#8220;iestr\u0113gusi&#8221; Ar\u0101bu Emir\u0101tos"},"content":{"rendered":"<p>El\u012bna Didrihsone kop\u0101 ar v\u012bru Nauri joproj\u0101m ir &#8220;iestr\u0113gu\u0161i&#8221; Apvienotajos Ar\u0101bu Emir\u0101tos (AAE), neskatoties uz to, ka pases abi ir atguvu\u0161i.<\/p>\n<p>&#8220;M\u016bs izmeta no lidostas, jo mums nav ne pases, ne bag\u0101\u017eas, mums nav NEK\u0100,&#8221; skaidro vi\u0146a. <\/p>\n<p>Seko l\u012bdzi port\u0101la 1188.lv jaunumiem ar\u012b &#8220;Whatsapp&#8221; kan\u0101l\u0101 <a target=\"_blank\" href=\"https:\/\/whatsapp.com\/channel\/0029Vb6zcYhIiRp25N9ArG3o\" rel=\"nofollow noopener\">\u0160EIT<\/a>.<\/p>\n<p>Jau zi\u0146ots, ka El\u012bnas un Naura ce\u013c\u0161 uz t\u0101lo zemi s\u0101k\u0101s jau 16. oktobr\u012b. V\u0113l m\u0101j\u0101s esot, vi\u0146a sekot\u0101jiem atkl\u0101ja, ka ce\u013c\u0161 ilgs vair\u0101k nek\u0101 20 stundas ar tr\u012bs p\u0101rlidojumiem. Non\u0101kot AAE un dodoties uz n\u0101kamo lidojumu, El\u012bna un Nauris konstat\u0113ja \u2013 pases ir pazudu\u0161as.<\/p>\n<p>Jaun\u0101kie ieraksti soci\u0101lajos t\u012bklos liecina, ka pases atradu\u0161\u0101s, ta\u010du radu\u0161\u0101s jaunas probl\u0113mas.<\/p>\n<blockquote><p>Aizg\u0101j\u0101m skaidrot situ\u0101ciju &#8211; cik maks\u0101 n\u0101kam\u0101s lidojuma bi\u013cetes, bet kad uzzin\u0101ju, ka kop\u0101 uz diviem cilv\u0113kiem tie ir \u20ac6000, es biju UZ PAKA\u013bAS.<\/p><\/blockquote>\n<p>&#8220;Labi, Nauris atrada citas, kur viena maks\u0101 \u20ac2000, kop\u0101 \u20ac4000, bet nu jau lab\u0101k &#8211; nedom\u0101j\u0101m, pirk\u0101m uzreiz. Ar to viss nebeidz\u0101s &#8211; j\u0101iet atg\u016bt bag\u0101\u017ea un ko mums tur pasaka? Ja gribam iz\u0146emt bag\u0101\u017eu tagad un t\u016bl\u012bt, \u20ac800, ja nemaks\u0101jam \u0161o summu, tad mums atce\u013c bi\u013cetes, kas paredz\u0113tas m\u0101jupce\u013cam! No vieniem s\u016bdiem uz otriem,&#8221; skaidro El\u012bna.<\/p>\n<blockquote><p>Pa lielam, palik\u0101m pliku paka\u013cu bez nek\u0101&#8230; dom\u0101sim, dar\u012bsim, esam absol\u016bti izsisti no slied\u0113m.<\/p><\/blockquote>\n<p>Didrihsone sav\u0101 &#8220;Instagram&#8221; kont\u0101 dal\u0101s ar jaun\u0101ko inform\u0101ciju par \u0161o incidentu.<\/p>\n<p><\/p>\n<p><img decoding=\"async\" src=\"https:\/\/www.europesays.com\/lv\/wp-content\/uploads\/2025\/10\/910196bf34a0850b3f22a01999cc2516.png\" title=\"Foto: El\u012bna Didrihsone\/Instagram\" alt=\"Foto: El\u012bna Didrihsone\/Instagram\"\/><\/p>\n<p class=\"article-img-desc\">Foto: El\u012bna Didrihsone\/Instagram<\/p>\n","protected":false},"excerpt":{"rendered":"El\u012bna Didrihsone kop\u0101 ar v\u012bru Nauri joproj\u0101m ir &#8220;iestr\u0113gu\u0161i&#8221; Apvienotajos Ar\u0101bu Emir\u0101tos (AAE), neskatoties uz to, ka pases&hellip;\n","protected":false},"author":2,"featured_media":24109,"comment_status":"","ping_status":"","sticky":false,"template":"","format":"standard","meta":{"footnotes":""},"categories":[14],"tags":[129,7458,2103,23,57,28,29,32,33,22,30,31,35,39,38,36,37,34,40,20,26,27,7459,2104,7460,2105,24,25,54,55,56,21,58],"class_list":{"0":"post-24108","1":"post","2":"type-post","3":"status-publish","4":"format-standard","5":"has-post-thumbnail","7":"category-zinas-no-arvalstim","8":"tag-__typenameadvicekeyword","9":"tag-id498","10":"tag-id651","11":"tag-aktualitates","12":"tag-arvalstim","13":"tag-breaking-news","14":"tag-breakingnews","15":"tag-featured-news","16":"tag-featurednews","17":"tag-headlines","18":"tag-latest-news","19":"tag-latestnews","20":"tag-latvia","21":"tag-latvian","22":"tag-latviesu","23":"tag-latviesu-valoda","24":"tag-latviesuvaloda","25":"tag-latvija","26":"tag-lv","27":"tag-news","28":"tag-popularakas-zinas","29":"tag-popularakaszinas","30":"tag-slugelina-didrihsone","31":"tag-sluglidmasinas-aviacija","32":"tag-titleelina-didrihsone","33":"tag-titlelidmasinas-aviacija","34":"tag-top-stories","35":"tag-topstories","36":"tag-world","37":"tag-world-news","38":"tag-worldnews","39":"tag-zinas","40":"tag-zinas-no-arvalstim"},"share_on_mastodon":{"url":"","error":""},"_links":{"self":[{"href":"https:\/\/www.europesays.com\/lv\/wp-json\/wp\/v2\/posts\/24108","targetHints":{"allow":["GET"]}}],"collection":[{"href":"https:\/\/www.europesays.com\/lv\/wp-json\/wp\/v2\/posts"}],"about":[{"href":"https:\/\/www.europesays.com\/lv\/wp-json\/wp\/v2\/types\/post"}],"author":[{"embeddable":true,"href":"https:\/\/www.europesays.com\/lv\/wp-json\/wp\/v2\/users\/2"}],"replies":[{"embeddable":true,"href":"https:\/\/www.europesays.com\/lv\/wp-json\/wp\/v2\/comments?post=24108"}],"version-history":[{"count":0,"href":"https:\/\/www.europesays.com\/lv\/wp-json\/wp\/v2\/posts\/24108\/revisions"}],"wp:featuredmedia":[{"embeddable":true,"href":"https:\/\/www.europesays.com\/lv\/wp-json\/wp\/v2\/media\/24109"}],"wp:attachment":[{"href":"https:\/\/www.europesays.com\/lv\/wp-json\/wp\/v2\/media?parent=24108"}],"wp:term":[{"taxonomy":"category","embeddable":true,"href":"https:\/\/www.europesays.com\/lv\/wp-json\/wp\/v2\/categories?post=24108"},{"taxonomy":"post_tag","embeddable":true,"href":"https:\/\/www.europesays.com\/lv\/wp-json\/wp\/v2\/tags?post=24108"}],"curies":[{"name":"wp","href":"https:\/\/api.w.org\/{rel}","templated":true}]}}