{"id":2411,"date":"2025-09-23T00:43:12","date_gmt":"2025-09-23T00:43:12","guid":{"rendered":"https:\/\/www.europesays.com\/lv\/2411\/"},"modified":"2025-09-23T00:43:12","modified_gmt":"2025-09-23T00:43:12","slug":"pec-jauna-liepajas-cietuma-atversanas-slegs-jelgavas-cietumu-un-dalu-daugavgrivas-cietuma-2","status":"publish","type":"post","link":"https:\/\/www.europesays.com\/lv\/2411\/","title":{"rendered":"P\u0113c jaun\u0101 Liep\u0101jas cietuma atv\u0113r\u0161anas sl\u0113gs Jelgavas cietumu un da\u013cu Daugavgr\u012bvas cietuma"},"content":{"rendered":"<p>Vi\u0146\u0161 atkl\u0101ja, ka pirmie ieslodz\u012btie jaunaj\u0101 cietum\u0101 var\u0113tu b\u016bt uz\u0146emti n\u0101kam\u0101 gada mart\u0101, bet l\u012bdz tam cietuma person\u0101lam j\u0101apg\u016bst praktiskas zin\u0101\u0161anas par darbu jaunaj\u0101 cietum\u0101.<\/p>\n<p>Pirmais tiks sl\u0113gts l\u012bdz\u0161in\u0113jais Liep\u0101jas <a href=\"https:\/\/www.apollo.lv\/term\/566068\/cietums\" class=\"topicLink\" target=\"_blank\" rel=\"nofollow noopener\">cietums<\/a>, nor\u0101da Papsujevi\u010ds, papildinot, ka s\u0101kum\u0101 TM izv\u0113rt\u0113s, vai cietuma komplekss b\u016btu j\u0101saglab\u0101 cit\u0101m ministrijas vajadz\u012bb\u0101m. V\u0113l\u0101k cietumu var\u0113tu pied\u0101v\u0101t p\u0101r\u0146emt pa\u0161vald\u012bbai, bet, ja tas neizdosies, tad veco Liep\u0101jas cietumu var\u0113tu izlikt izsol\u0113.<\/p>\n<p>N\u0101kam\u0101 gada vid\u016b pl\u0101nots sl\u0113gt ar\u012b Jelgavas cietumu, bet nedaudz v\u0113l\u0101k Daugavgr\u012bvas cietuma Gr\u012bvas fili\u0101li.<\/p>\n<p>Valsts sekret\u0101rs nor\u0101d\u012bja, ka jaunais <a href=\"https:\/\/www.apollo.lv\/term\/577488\/liepajas-cietums\" class=\"topicLink\" target=\"_blank\" rel=\"nofollow noopener\">Liep\u0101jas cietums<\/a> ir uzb\u016bv\u0113ts tikai v\u012brie\u0161iem, l\u012bdz ar to ir pl\u0101nots I\u013c\u0123uciema sievie\u0161u cietumu p\u0101rcelt uz C\u0113s\u012bm. Tom\u0113r ir j\u0101sagaida nepiecie\u0161amais finans\u0113jums, lai to var\u0113tu dar\u012bt, vi\u0146\u0161 atzina.<\/p>\n<p>Papsujevi\u010ds atkl\u0101ja, ka pa\u0161laik nav pl\u0101nots b\u016bv\u0113t citus jaunus cietumu kompleksus, bet jau eso\u0161ajos cietumos var\u0113tu b\u016bv\u0113t jaunus korpusus, lai tie atbilstu visiem cilv\u0113kties\u012bbu standartiem.<\/p>\n<p>Jau v\u0113st\u012bts, ka pirmdien Liep\u0101j\u0101 norisin\u0101s jaun\u0101 Liep\u0101jas cietuma kompleksa b\u016bvobjekta nodo\u0161anas pas\u0101kums pas\u016bt\u012bt\u0101jam TM.<\/p>\n","protected":false},"excerpt":{"rendered":"Vi\u0146\u0161 atkl\u0101ja, ka pirmie ieslodz\u012btie jaunaj\u0101 cietum\u0101 var\u0113tu b\u016bt uz\u0146emti n\u0101kam\u0101 gada mart\u0101, bet l\u012bdz tam cietuma person\u0101lam&hellip;\n","protected":false},"author":2,"featured_media":2412,"comment_status":"","ping_status":"","sticky":false,"template":"","format":"standard","meta":{"footnotes":""},"categories":[12],"tags":[23,28,29,1181,1358,32,33,22,1355,30,31,35,39,38,36,37,34,1357,40,20,26,27,1356,24,25,21],"class_list":{"0":"post-2411","1":"post","2":"type-post","3":"status-publish","4":"format-standard","5":"has-post-thumbnail","7":"category-latvija","8":"tag-aktualitates","9":"tag-breaking-news","10":"tag-breakingnews","11":"tag-cietums","12":"tag-daugavgriva","13":"tag-featured-news","14":"tag-featurednews","15":"tag-headlines","16":"tag-jelgava","17":"tag-latest-news","18":"tag-latestnews","19":"tag-latvia","20":"tag-latvian","21":"tag-latviesu","22":"tag-latviesu-valoda","23":"tag-latviesuvaloda","24":"tag-latvija","25":"tag-liepajas-cietums","26":"tag-lv","27":"tag-news","28":"tag-popularakas-zinas","29":"tag-popularakaszinas","30":"tag-tieslietu-ministrija","31":"tag-top-stories","32":"tag-topstories","33":"tag-zinas"},"share_on_mastodon":{"url":"","error":""},"_links":{"self":[{"href":"https:\/\/www.europesays.com\/lv\/wp-json\/wp\/v2\/posts\/2411","targetHints":{"allow":["GET"]}}],"collection":[{"href":"https:\/\/www.europesays.com\/lv\/wp-json\/wp\/v2\/posts"}],"about":[{"href":"https:\/\/www.europesays.com\/lv\/wp-json\/wp\/v2\/types\/post"}],"author":[{"embeddable":true,"href":"https:\/\/www.europesays.com\/lv\/wp-json\/wp\/v2\/users\/2"}],"replies":[{"embeddable":true,"href":"https:\/\/www.europesays.com\/lv\/wp-json\/wp\/v2\/comments?post=2411"}],"version-history":[{"count":0,"href":"https:\/\/www.europesays.com\/lv\/wp-json\/wp\/v2\/posts\/2411\/revisions"}],"wp:featuredmedia":[{"embeddable":true,"href":"https:\/\/www.europesays.com\/lv\/wp-json\/wp\/v2\/media\/2412"}],"wp:attachment":[{"href":"https:\/\/www.europesays.com\/lv\/wp-json\/wp\/v2\/media?parent=2411"}],"wp:term":[{"taxonomy":"category","embeddable":true,"href":"https:\/\/www.europesays.com\/lv\/wp-json\/wp\/v2\/categories?post=2411"},{"taxonomy":"post_tag","embeddable":true,"href":"https:\/\/www.europesays.com\/lv\/wp-json\/wp\/v2\/tags?post=2411"}],"curies":[{"name":"wp","href":"https:\/\/api.w.org\/{rel}","templated":true}]}}