{"id":241142,"date":"2026-07-03T12:12:10","date_gmt":"2026-07-03T12:12:10","guid":{"rendered":"https:\/\/www.europesays.com\/lv\/241142\/"},"modified":"2026-07-03T12:12:10","modified_gmt":"2026-07-03T12:12:10","slug":"moldovas-premjers-muntjanu-atkapies-no-amata","status":"publish","type":"post","link":"https:\/\/www.europesays.com\/lv\/241142\/","title":{"rendered":"Moldovas premjers Muntjanu atk\u0101pies no amata"},"content":{"rendered":"<p>62 gadus vecais Muntjanu, kas premjerministra amat\u0101 atrad\u0101s asto\u0146us m\u0113ne\u0161us, pla\u0161\u0101k nepaskaidroja savu l\u0113mumu.<\/p>\n<p>Moldovas prezidente <a href=\"https:\/\/www.tvnet.lv\/term\/596624\/maija-sandu\" class=\"topicLink\" target=\"_blank\" rel=\"nofollow noopener\">Maija Sandu<\/a> noliedza, ka Muntjanu darb\u012bbai vald\u012bb\u0101 b\u016btu biju\u0161i k\u0101di ierobe\u017eojumi. &#8220;Spekul\u0101cijas par to, ka vi\u0146\u0161 v\u0113l\u0113j\u0101s c\u012bn\u012bties pret p\u0101rk\u0101pumiem, bet vi\u0146am netika \u013cauts, ir nepatiesas,&#8221; preses konferenc\u0113 uzsv\u0113ra prezidente.<\/p>\n<p>&#8220;Premjerministram bija visas iesp\u0113jas vad\u012bt vald\u012bbu t\u0101, k\u0101 vi\u0146\u0161 uzskat\u012bja par vajadz\u012bgu,&#8221; vi\u0146a piebilda, nor\u0101dot, ka bija cer\u0113jusi uz &#8220;liel\u0101ku iesaist\u012b\u0161anos&#8221; no Muntjanu puses &#8220;gr\u016btu l\u0113mumu pie\u0146em\u0161an\u0101, k\u0101 ar\u012b uz sp\u0113c\u012bg\u0101ku kl\u0101tb\u016btni sabiedr\u012bb\u0101, lai uzklaus\u012btu cilv\u0113ku ba\u017eas un izskaidrotu, k\u0101das reformas mums j\u0101veic un k\u0101p\u0113c t\u0101s ir nepiecie\u0161amas.&#8221;<\/p>\n<p>Muntjanu paliks vald\u012bbas pagaidu vad\u012bt\u0101ja amat\u0101, kam\u0113r Sandu konsult\u0113sies ar politiskaj\u0101m partij\u0101m par jauna premjerministra iecel\u0161anu.<\/p>\n<p>Pag\u0101ju\u0161\u0101 gada septembr\u012b Moldov\u0101 notiku\u0161aj\u0101s parlamenta v\u0113l\u0113\u0161an\u0101s uzvar\u0113ja Sandu p\u0101rst\u0101v\u0113t\u0101 prorietumniecisk\u0101 R\u012bc\u012bbas un solidarit\u0101tes partija (PAS). V\u0113l\u0113\u0161an\u0101s norisin\u0101j\u0101s c\u012b\u0146a starp PAS un vair\u0101kiem prokrieviskiem blokiem un partij\u0101m, un t\u0101s tika uzskat\u012btas par iz\u0161\u0137iro\u0161\u0101m valsts \u0123eopolitiskajai n\u0101kotnei starp Rietumiem un Austrumiem.<\/p>\n<p>Sandu izraudz\u012bj\u0101s ekonomistu un uz\u0146\u0113m\u0113ju Muntjanu premjerministra amatam ar m\u0113r\u0137i stiprin\u0101t valsts ekonomiku. Gan Sandu, gan Muntjanu ir biju\u0161ie Pasaules Bankas darbinieki.<\/p>\n<p>&#8220;Es pie\u0146\u0113mu atbild\u012bbu pild\u012bt premjerministra pien\u0101kumus, vadoties no pien\u0101kuma apzi\u0146as un stingras p\u0101rliec\u012bbas, ka varu pal\u012bdz\u0113t main\u012bt situ\u0101ciju uz labo pusi,&#8221; ierakst\u0101 &#8220;Facebook&#8221; nor\u0101d\u012bja Muntjanu.<\/p>\n<p>&#8220;Mums ir j\u0101p\u0101rskata da\u017ei l\u0113mumi, jo \u012bpa\u0161i fisk\u0101l\u0101s politikas jom\u0101 un likum\u0101 par atalgojumu publiskaj\u0101 sektor\u0101,&#8221; preses konferenc\u0113 pazi\u0146oja Sandu. Vi\u0146a teica, ka v\u0113las &#8220;vienotu un sp\u0113c\u012bgu vald\u012bbas komandu, kas sp\u0113j virz\u012bt uz priek\u0161u m\u016bsu valsts m\u0113r\u0137i &#8211; pievienoties Eiropas Savien\u012bbai.&#8221;<\/p>\n","protected":false},"excerpt":{"rendered":"62 gadus vecais Muntjanu, kas premjerministra amat\u0101 atrad\u0101s asto\u0146us m\u0113ne\u0161us, pla\u0161\u0101k nepaskaidroja savu l\u0113mumu. Moldovas prezidente Maija Sandu&hellip;\n","protected":false},"author":2,"featured_media":241143,"comment_status":"","ping_status":"","sticky":false,"template":"","format":"standard","meta":{"footnotes":"","_share_on_mastodon":"0"},"categories":[14],"tags":[23,57,28,29,32,33,22,30,31,35,39,38,36,37,34,40,2723,1453,20,26,27,24,25,54,55,56,21,58],"class_list":["post-241142","post","type-post","status-publish","format-standard","has-post-thumbnail","category-zinas-no-arvalstim","tag-aktualitates","tag-arvalstim","tag-breaking-news","tag-breakingnews","tag-featured-news","tag-featurednews","tag-headlines","tag-latest-news","tag-latestnews","tag-latvia","tag-latvian","tag-latviesu","tag-latviesu-valoda","tag-latviesuvaloda","tag-latvija","tag-lv","tag-maija-sandu","tag-moldova","tag-news","tag-popularakas-zinas","tag-popularakaszinas","tag-top-stories","tag-topstories","tag-world","tag-world-news","tag-worldnews","tag-zinas","tag-zinas-no-arvalstim"],"share_on_mastodon":{"url":"https:\/\/pubeurope.com\/@lv\/116855986075055375","error":""},"_links":{"self":[{"href":"https:\/\/www.europesays.com\/lv\/wp-json\/wp\/v2\/posts\/241142","targetHints":{"allow":["GET"]}}],"collection":[{"href":"https:\/\/www.europesays.com\/lv\/wp-json\/wp\/v2\/posts"}],"about":[{"href":"https:\/\/www.europesays.com\/lv\/wp-json\/wp\/v2\/types\/post"}],"author":[{"embeddable":true,"href":"https:\/\/www.europesays.com\/lv\/wp-json\/wp\/v2\/users\/2"}],"replies":[{"embeddable":true,"href":"https:\/\/www.europesays.com\/lv\/wp-json\/wp\/v2\/comments?post=241142"}],"version-history":[{"count":0,"href":"https:\/\/www.europesays.com\/lv\/wp-json\/wp\/v2\/posts\/241142\/revisions"}],"wp:featuredmedia":[{"embeddable":true,"href":"https:\/\/www.europesays.com\/lv\/wp-json\/wp\/v2\/media\/241143"}],"wp:attachment":[{"href":"https:\/\/www.europesays.com\/lv\/wp-json\/wp\/v2\/media?parent=241142"}],"wp:term":[{"taxonomy":"category","embeddable":true,"href":"https:\/\/www.europesays.com\/lv\/wp-json\/wp\/v2\/categories?post=241142"},{"taxonomy":"post_tag","embeddable":true,"href":"https:\/\/www.europesays.com\/lv\/wp-json\/wp\/v2\/tags?post=241142"}],"curies":[{"name":"wp","href":"https:\/\/api.w.org\/{rel}","templated":true}]}}