{"id":24120,"date":"2025-10-18T10:24:11","date_gmt":"2025-10-18T10:24:11","guid":{"rendered":"https:\/\/www.europesays.com\/lv\/24120\/"},"modified":"2025-10-18T10:24:11","modified_gmt":"2025-10-18T10:24:11","slug":"samanta-tina-atklaj-sirdi-jauna-albuma-nepateiktais-unikals-pasaules-un-garigas-muzikas-kokteilis-lente-lv","status":"publish","type":"post","link":"https:\/\/www.europesays.com\/lv\/24120\/","title":{"rendered":"Samanta T\u012bna atkl\u0101j sirdi jaun\u0101 album\u0101 \u201cNepateiktais\u201d \u2013 unik\u0101ls pasaules un gar\u012bg\u0101s m\u016bzikas kokteilis\u00a0\u2014\u00a0Lente.lv"},"content":{"rendered":"<p>Jaunais albums \u201cNepateiktais\u201d \u2013 Samantas T\u012bnas muzik\u0101l\u0101s un dv\u0113seles transform\u0101cijas atspulgs<\/p>\n<p>Dzied\u0101t\u0101ja Samanta T\u012bna \u0161oned\u0113\u013c, 16. oktobr\u012b, ar savu jauno albumu \u201cNepateiktais\u201d pied\u0101v\u0101 klaus\u012bt\u0101jiem darbu, kas tiek d\u0113v\u0113ts par vi\u0146as l\u012bdz \u0161im vispersonisk\u0101ko un muzik\u0101li neparast\u0101ko veikumu. \u0160is albums iez\u012bm\u0113 m\u0101kslinieces drosm\u012bgu soli jaun\u0101 virzien\u0101, apvienojot pasaules m\u016bziku, gar\u012bgo m\u016bziku un etnisko dai\u013cradi. Taj\u0101 savijas latvie\u0161u tautasdziesmas, v\u0113disk\u0101s mantras un pat sv\u0113tie raksti, radot ska\u0146darbus, kas aicin\u0101ti dziedin\u0101t, d\u0101v\u0101t sp\u0113ku un nest gaismu.<\/p>\n<p>\u201cNepateiktais\u201d ir tapusi cie\u0161\u0101 sadarb\u012bb\u0101 ar komponistu un albuma producentu Rihardu Za\u013cupi, ar kuru Samantai izveidojusies sp\u0113c\u012bga rado\u0161a \u0137\u012bmija. Projekt\u0101 piedal\u012bju\u0161ies ar\u012b Tukuma za\u013cais koris, \u010delliste Dace Z\u0101l\u012bte-Zilberte un \u0123it\u0101rists M\u0101rcis Vasi\u013cevskis, papildinot ierakstu ar savu unik\u0101lo skan\u0113jumu.<\/p>\n<p>Samanta T\u012bna atz\u012bst, ka albuma tap\u0161ana bijusi jauna un pat izaicino\u0161a pieredze, kas likusi vi\u0146ai \u201cm\u0101c\u012bties dzied\u0101t no jauna\u201d. Vi\u0146a nor\u0101da, ka katrs ska\u0146darbs ir tik dzi\u013ci emocion\u0101li pies\u0101tin\u0101ts, ka tas pras\u012bs iev\u0113rojamu drosmi, lai to izpild\u012btu koncertos. \u201c\u0160aj\u0101s dziesm\u0101s ir liels iek\u0161\u0113js sp\u0113ks, dziedino\u0161s kods, un, lai t\u0101s nodzied\u0101tu, man b\u016bs vajadz\u012bga drosme,\u201d atkl\u0101j dzied\u0101t\u0101ja.<\/p>\n<p>M\u016bzikas un dv\u0113seles ce\u013cojums<\/p>\n<p>Rihards Za\u013cupe uzsver, ka album\u0101 ir apvienotas Samantas ieceres un teksti \u2013 ori\u0123in\u0101ldarbi, latvie\u0161u dainas un v\u0113disk\u0101s mantras \u2013 ar vi\u0146as balss unik\u0101laj\u0101m nokr\u0101s\u0101m, radot \u012bpa\u0161u, neaizmirstamu skan\u0113jumu. \u201c\u0160is albums ir k\u0101 ce\u013cojums cauri laikam un da\u017e\u0101d\u0101m telp\u0101m,\u201d st\u0101sta producents.<\/p>\n<p>\u012apa\u0161u p\u0101rsteigumu klaus\u012bt\u0101jiem sag\u0101d\u0101 duets \u201cKur ir tava sirds\u201d, kur\u0101 sapl\u016bst Samantas un Riharda balsis, m\u016bzika un speci\u0101li \u0161im ska\u0146darbam rad\u012bts M\u0101ra Puj\u0101ta teksts.<\/p>\n<p>Ar \u201cNepateikto\u201d Samanta T\u012bna ne tikai uzs\u0101k jaunu muzik\u0101lo noda\u013cu sav\u0101 karjer\u0101, atsakoties no ierast\u0101 popm\u016bzikas \u017eanra, bet ar\u012b dodas dzi\u013c\u0101k\u0101 personisk\u0101 ce\u013c\u0101. Albums simboliz\u0113 iek\u0161\u0113jo harmoniju, gaismas mekl\u0113jumus un patiesas br\u012bv\u012bbas atkl\u0101\u0161anu. Tas aicina apzin\u0101ties sp\u0113ku, kas sl\u0113pjas nepateiktajos v\u0101rdos un iek\u0161\u0113j\u0101 dialog\u0101 ar sevi un sav\u0101m sakn\u0113m.<\/p>\n<p>Koncertt\u016bre un turpin\u0101jums<\/p>\n<p>Jau dr\u012bzum\u0101 p\u0113c albuma izdo\u0161anas Samanta T\u012bna uzs\u0101ks koncertt\u016bri pa Latvijas pils\u0113t\u0101m, prezent\u0113jot jauno koncertprogrammu un albuma mantras. P\u0113c iepriek\u0161\u0113jos divos gados g\u016btajiem pan\u0101kumiem un izp\u0101rdotajiem koncertiem, dzied\u0101t\u0101ja ir gatava doties t\u0101l\u0101k ar jaunu, iedvesmojo\u0161u koncerts\u0113riju. \u0160\u012b t\u016bre sol\u0101s b\u016bt ne tikai muzik\u0101ls, bet ar\u012b dv\u0113selisks ce\u013cojums \u2013 aicin\u0101jums ieskat\u012bties sev\u012b dzi\u013c\u0101k, piev\u0113r\u0161ot uzman\u012bbu liet\u0101m, emocij\u0101m un notikumiem, kas paliku\u0161i nepateikti un kuri m\u016bs varb\u016bt kav\u0113 virz\u012bties uz priek\u0161u.<\/p>\n<p>Nosl\u0113guma koncert\u0101 pl\u0101nots Riharda Za\u013cupes uzst\u0101\u0161an\u0101s, k\u0101 ar\u012b citi \u012bpa\u0161i p\u0101rsteigumi, kas padar\u012bs \u0161o muzik\u0101lo pieredzi v\u0113l neaizmirstam\u0101ku.<\/p>\n","protected":false},"excerpt":{"rendered":"Jaunais albums \u201cNepateiktais\u201d \u2013 Samantas T\u012bnas muzik\u0101l\u0101s un dv\u0113seles transform\u0101cijas atspulgs Dzied\u0101t\u0101ja Samanta T\u012bna \u0161oned\u0113\u013c, 16. oktobr\u012b, ar&hellip;\n","protected":false},"author":2,"featured_media":24121,"comment_status":"","ping_status":"","sticky":false,"template":"","format":"standard","meta":{"footnotes":""},"categories":[19],"tags":[89,90,309,35,39,38,194,36,37,34,40,7462,6455,7222],"class_list":{"0":"post-24120","1":"post","2":"type-post","3":"status-publish","4":"format-standard","5":"has-post-thumbnail","7":"category-izklaide","8":"tag-entertainment","9":"tag-izklaide","10":"tag-jauns-albums","11":"tag-latvia","12":"tag-latvian","13":"tag-latviesu","14":"tag-latviesu-muzika","15":"tag-latviesu-valoda","16":"tag-latviesuvaloda","17":"tag-latvija","18":"tag-lv","19":"tag-nepateiktais","20":"tag-rihards-zalupe","21":"tag-samanta-tina"},"share_on_mastodon":{"url":"","error":""},"_links":{"self":[{"href":"https:\/\/www.europesays.com\/lv\/wp-json\/wp\/v2\/posts\/24120","targetHints":{"allow":["GET"]}}],"collection":[{"href":"https:\/\/www.europesays.com\/lv\/wp-json\/wp\/v2\/posts"}],"about":[{"href":"https:\/\/www.europesays.com\/lv\/wp-json\/wp\/v2\/types\/post"}],"author":[{"embeddable":true,"href":"https:\/\/www.europesays.com\/lv\/wp-json\/wp\/v2\/users\/2"}],"replies":[{"embeddable":true,"href":"https:\/\/www.europesays.com\/lv\/wp-json\/wp\/v2\/comments?post=24120"}],"version-history":[{"count":0,"href":"https:\/\/www.europesays.com\/lv\/wp-json\/wp\/v2\/posts\/24120\/revisions"}],"wp:featuredmedia":[{"embeddable":true,"href":"https:\/\/www.europesays.com\/lv\/wp-json\/wp\/v2\/media\/24121"}],"wp:attachment":[{"href":"https:\/\/www.europesays.com\/lv\/wp-json\/wp\/v2\/media?parent=24120"}],"wp:term":[{"taxonomy":"category","embeddable":true,"href":"https:\/\/www.europesays.com\/lv\/wp-json\/wp\/v2\/categories?post=24120"},{"taxonomy":"post_tag","embeddable":true,"href":"https:\/\/www.europesays.com\/lv\/wp-json\/wp\/v2\/tags?post=24120"}],"curies":[{"name":"wp","href":"https:\/\/api.w.org\/{rel}","templated":true}]}}