{"id":24128,"date":"2025-10-18T10:37:07","date_gmt":"2025-10-18T10:37:07","guid":{"rendered":"https:\/\/www.europesays.com\/lv\/24128\/"},"modified":"2025-10-18T10:37:07","modified_gmt":"2025-10-18T10:37:07","slug":"rudolfa-balcera-karjeru-aptumso-nopietns-savainojums-ceriba-uz-atgriesanos-decembri-lente-lv","status":"publish","type":"post","link":"https:\/\/www.europesays.com\/lv\/24128\/","title":{"rendered":"R\u016bdolfa Balcera karjeru aptum\u0161o nopietns savainojums: cer\u012bba uz atgrie\u0161anos decembr\u012b\u00a0\u2014\u00a0Lente.lv"},"content":{"rendered":"<p>Latvie\u0161u hokeja talants R\u016bdolfs Balcers izlaidis n\u0101kamos divus m\u0113ne\u0161us traumas d\u0113\u013c<\/p>\n<p>Lielas skumjas Latvijas hokeja l\u012bdzjut\u0113ju vid\u016b \u2013 uzbruc\u0113js R\u016bdolfs Balcers, kur\u0161 sezonas s\u0101kum\u0101 demonstr\u0113ja iespaid\u012bgu sniegumu \u0160veices \u010dempionvien\u012bbas C\u012brihes &#8220;Lions&#8221; sast\u0101v\u0101, ir guvis nopietnu aug\u0161\u0113j\u0101s \u0137erme\u0146a da\u013cas savainojumu. Klubs ofici\u0101li pazi\u0146ojis, ka Balcers laukum\u0101 nevar\u0113s atgriezties asto\u0146as l\u012bdz desmit ned\u0113\u013cas. \u0160\u012b zi\u0146a ir \u012bsts trieciens gan pa\u0161am sp\u0113l\u0113t\u0101jam, kur\u0161 bija viens no komandas l\u012bderiem, gan ar\u012b visai Latvijas hokeja kopienai, \u012bpa\u0161i \u0146emot v\u0113r\u0101 gaid\u0101m\u0101s noz\u012bm\u012bg\u0101s starptautisk\u0101s sp\u0113les.<\/p>\n<p>Sezonas spo\u017eais starts un negaid\u012bt\u0101 liksta<\/p>\n<p>Pirms traumas Balcers bija k\u013cuvis par &#8220;Lions&#8221; komandas lab\u0101ko v\u0101rtu guv\u0113ju un vienu no rezultat\u012bv\u0101kajiem sp\u0113l\u0113t\u0101jiem. \u0160veices Nacion\u0101laj\u0101 l\u012bg\u0101 (NL) aizvad\u012btaj\u0101s 14 sp\u0113l\u0113s vi\u0146\u0161 bija guvis 7 v\u0101rtus un sakr\u0101jis 11 rezultativit\u0101tes punktus. Savuk\u0101rt Starptautisk\u0101s Hokeja feder\u0101cijas (IIHF) \u010cempionu l\u012bg\u0101 vi\u0146a kont\u0101 bija 2 v\u0101rti un 2 piesp\u0113les se\u0161\u0101s sp\u0113l\u0113s. \u0160is sniegums apliecin\u0101ja Balcera sp\u0113ju b\u016bt l\u012bderim un g\u016bt pan\u0101kumus augsta l\u012bme\u0146a sacens\u012bb\u0101s. Diem\u017e\u0113l liktenis l\u0113mis cit\u0101di \u2013 p\u0113d\u0113j\u0101 \u010cempionu l\u012bgas sp\u0113l\u0113 pret somu Tamperes &#8220;Ilves&#8221;, Balcers guva savainojumu, kas tagad liegs vi\u0146am piedal\u012bties vair\u0101k\u0101s svar\u012bg\u0101s sp\u0113l\u0113s un var\u0113tu apdraud\u0113t vi\u0146a pilnv\u0113rt\u012bgu gatav\u012bbu gaid\u0101maj\u0101m svar\u012bgaj\u0101m sp\u0113l\u0113m. Lai gan prec\u012bza savainojuma rakstura inform\u0101cija netiek sniegta, tas ir pietiekami nopietns, lai izsl\u0113gtu sp\u0113l\u0113t\u0101ju no ierindas uz tik ilgu laiku. Vi\u0146a atgrie\u0161an\u0101s laukum\u0101 prognoz\u0113ta vien decembr\u012b.<\/p>\n<p>Ietekme uz komandas sniegumu un n\u0101kotnes perspekt\u012bvas<\/p>\n<p>C\u012brihes &#8220;Lions&#8221;, kas pa\u0161laik ie\u0146em sept\u012bto vietu NL kopv\u0113rt\u0113jum\u0101 ar 23 punktiem 14 sp\u0113l\u0113s, zaud\u0113jums sav\u0101 rezultat\u012bv\u0101kaj\u0101 sp\u0113l\u0113t\u0101j\u0101 ir j\u016btams. Balcers ne tikai pal\u012bdz\u0113ja komandai izc\u012bn\u012bt \u0160veices \u010dempiontitulu un triumf\u0113t IIHF \u010cempionu l\u012bg\u0101 pag\u0101ju\u0161osezon, bet ar\u012b \u0161osezon bija viens no galvenajiem balstiem uzbrukuma l\u012bnij\u0101. Vi\u0146a promb\u016btne noteikti rad\u012bs plaisu sast\u0101v\u0101, un komandai b\u016bs j\u0101mekl\u0113 veidi, k\u0101 kompens\u0113t vi\u0146a sniegumu. Tas var\u0113tu noz\u012bm\u0113t liel\u0101ku atbild\u012bbu uz pleciem citiem uzbruc\u0113jiem un potenci\u0101li ar\u012b nepiecie\u0161am\u012bbu veikt izmai\u0146as sast\u0101v\u0101, lai stiprin\u0101tu komandu. Ir skaidrs, ka bez Balcera &#8220;Lions&#8221; b\u016bs gr\u016bt\u0101k sasniegt iecer\u0113tos m\u0113r\u0137us, it \u012bpa\u0161i c\u012b\u0146\u0101 par augst\u0101k\u0101m viet\u0101m l\u012bg\u0101 un pan\u0101kumu saglab\u0101\u0161anu Eiropas klubu kausos. Katrs zaud\u0113tais punkts un katra neveiksme \u0161aj\u0101 period\u0101 var iz\u0161\u0137irt sezonas izn\u0101kumu.<\/p>\n<p>Cer\u012bba uz \u0101tru atvese\u013co\u0161anos un atgrie\u0161anos<\/p>\n<p>Lai gan zi\u0146as par Balcera savainojumu ir \u013coti nepat\u012bkamas, cer\u012bba uz vi\u0146a dr\u012bzu atgrie\u0161anos un pilnv\u0113rt\u012bgu atvese\u013co\u0161anos joproj\u0101m past\u0101v. Hokej\u0101, kur traumas ir ikdiena, svar\u012bgi ir nezaud\u0113t optimismu un tic\u012bbu saviem sp\u0113kiem. Balcera iepriek\u0161\u0113j\u0101 pieredze ar savainojumiem liecina, ka vi\u0146\u0161 ir sp\u0113j\u012bgs p\u0101rvar\u0113t gr\u016bt\u012bbas un atgriezties laukum\u0101 v\u0113l stipr\u0101ks. \u0160aj\u0101 period\u0101 vi\u0146am ir nepiecie\u0161ams maksim\u0101li koncentr\u0113ties uz rehabilit\u0101ciju un r\u016bp\u012bgi klaus\u012bt \u0101rstu nor\u0101d\u012bjumus. P\u0113c \u0161\u0101das traumas bie\u017ei vien nepiecie\u0161ams laiks, lai atg\u016btu pilnu fizisko formu un p\u0101rliec\u012bbu par savu \u0137ermeni, \u012bpa\u0161i t\u0101d\u0101s zon\u0101s k\u0101 aug\u0161\u0113j\u0101 \u0137erme\u0146a da\u013ca, kas ir vit\u0101li svar\u012bga metienu, piesp\u0113\u013cu un c\u012b\u0146as par ripu veik\u0161anai. K\u0101 apliecina l\u012bdz\u012bgos gad\u012bjumos pieredz\u0113ju\u0161i sportisti, svar\u012bgi ir nevis steigties atpaka\u013c uz ledus, bet gan nodro\u0161in\u0101t piln\u012bgu atvese\u013co\u0161anos, lai izvair\u012btos no atk\u0101rtotiem savainojumiem.<\/p>\n","protected":false},"excerpt":{"rendered":"Latvie\u0161u hokeja talants R\u016bdolfs Balcers izlaidis n\u0101kamos divus m\u0113ne\u0161us traumas d\u0113\u013c Lielas skumjas Latvijas hokeja l\u012bdzjut\u0113ju vid\u016b \u2013&hellip;\n","protected":false},"author":2,"featured_media":24129,"comment_status":"","ping_status":"","sticky":false,"template":"","format":"standard","meta":{"footnotes":""},"categories":[17],"tags":[7466,394,35,39,38,36,37,34,40,2717,5135,67],"class_list":{"0":"post-24128","1":"post","2":"type-post","3":"status-publish","4":"format-standard","5":"has-post-thumbnail","7":"category-sports","8":"tag-cirihes","9":"tag-hokejs","10":"tag-latvia","11":"tag-latvian","12":"tag-latviesu","13":"tag-latviesu-valoda","14":"tag-latviesuvaloda","15":"tag-latvija","16":"tag-lv","17":"tag-rudolfs-balcers","18":"tag-savainojums","19":"tag-sports"},"share_on_mastodon":{"url":"","error":""},"_links":{"self":[{"href":"https:\/\/www.europesays.com\/lv\/wp-json\/wp\/v2\/posts\/24128","targetHints":{"allow":["GET"]}}],"collection":[{"href":"https:\/\/www.europesays.com\/lv\/wp-json\/wp\/v2\/posts"}],"about":[{"href":"https:\/\/www.europesays.com\/lv\/wp-json\/wp\/v2\/types\/post"}],"author":[{"embeddable":true,"href":"https:\/\/www.europesays.com\/lv\/wp-json\/wp\/v2\/users\/2"}],"replies":[{"embeddable":true,"href":"https:\/\/www.europesays.com\/lv\/wp-json\/wp\/v2\/comments?post=24128"}],"version-history":[{"count":0,"href":"https:\/\/www.europesays.com\/lv\/wp-json\/wp\/v2\/posts\/24128\/revisions"}],"wp:featuredmedia":[{"embeddable":true,"href":"https:\/\/www.europesays.com\/lv\/wp-json\/wp\/v2\/media\/24129"}],"wp:attachment":[{"href":"https:\/\/www.europesays.com\/lv\/wp-json\/wp\/v2\/media?parent=24128"}],"wp:term":[{"taxonomy":"category","embeddable":true,"href":"https:\/\/www.europesays.com\/lv\/wp-json\/wp\/v2\/categories?post=24128"},{"taxonomy":"post_tag","embeddable":true,"href":"https:\/\/www.europesays.com\/lv\/wp-json\/wp\/v2\/tags?post=24128"}],"curies":[{"name":"wp","href":"https:\/\/api.w.org\/{rel}","templated":true}]}}