{"id":241519,"date":"2026-07-04T06:37:14","date_gmt":"2026-07-04T06:37:14","guid":{"rendered":"https:\/\/www.europesays.com\/lv\/241519\/"},"modified":"2026-07-04T06:37:14","modified_gmt":"2026-07-04T06:37:14","slug":"foto-%e2%9f%a9-vinam-tiesam-ir-daudz-ko-zaudet-vacija-tiesas-process-pret-latvijas-pilsoni-nonak-strupcela","status":"publish","type":"post","link":"https:\/\/www.europesays.com\/lv\/241519\/","title":{"rendered":"FOTO \u27e9 &#8220;Vi\u0146am tie\u0161\u0101m ir daudz ko zaud\u0113t.&#8221; V\u0101cij\u0101 tiesas process pret Latvijas pilsoni non\u0101k strupce\u013c\u0101"},"content":{"rendered":"<p>Tiesas process pret Latvijas pilsoni t\u0101 ar\u012b nes\u0101k\u0101s.<\/p>\n<p>Gados jaunajam v\u012brietim bija izvirz\u012btas aps\u016bdz\u012bbas par smagu av\u0101riju.<\/p>\n<p>Tiesas s\u0113des laik\u0101 izskan\u0113ja priek\u0161likums procesu nosl\u0113gt aizmuguriski, piem\u0113rojot naudas sodu vai soda pav\u0113li, ta\u010du prokurore un cietu\u0161o l\u012bdzpras\u012bt\u0101ju p\u0101rst\u0101vis \u0161\u0101du iesp\u0113ju kategoriski noraid\u012bja, nor\u0101dot, ka nodar\u012bjums ir p\u0101r\u0101k smags.<\/p>\n","protected":false},"excerpt":{"rendered":"Tiesas process pret Latvijas pilsoni t\u0101 ar\u012b nes\u0101k\u0101s. Gados jaunajam v\u012brietim bija izvirz\u012btas aps\u016bdz\u012bbas par smagu av\u0101riju. Tiesas&hellip;\n","protected":false},"author":2,"featured_media":241520,"comment_status":"","ping_status":"","sticky":false,"template":"","format":"standard","meta":{"footnotes":"","_share_on_mastodon":"0"},"categories":[5],"tags":[23,2109,1465,28,29,32,33,22,30,31,35,39,38,36,37,34,40,20,295,163,26,27,375,24,25,2238,299,21],"class_list":["post-241519","post","type-post","status-publish","format-standard","has-post-thumbnail","category-aktualitates","tag-aktualitates","tag-autoavarija","tag-autoavarijas","tag-breaking-news","tag-breakingnews","tag-featured-news","tag-featurednews","tag-headlines","tag-latest-news","tag-latestnews","tag-latvia","tag-latvian","tag-latviesu","tag-latviesu-valoda","tag-latviesuvaloda","tag-latvija","tag-lv","tag-news","tag-noziegums","tag-policija","tag-popularakas-zinas","tag-popularakaszinas","tag-tiesa","tag-top-stories","tag-topstories","tag-tvnet-arvalstis","tag-vacija","tag-zinas"],"share_on_mastodon":{"url":"https:\/\/pubeurope.com\/@lv\/116860331252902683","error":""},"_links":{"self":[{"href":"https:\/\/www.europesays.com\/lv\/wp-json\/wp\/v2\/posts\/241519","targetHints":{"allow":["GET"]}}],"collection":[{"href":"https:\/\/www.europesays.com\/lv\/wp-json\/wp\/v2\/posts"}],"about":[{"href":"https:\/\/www.europesays.com\/lv\/wp-json\/wp\/v2\/types\/post"}],"author":[{"embeddable":true,"href":"https:\/\/www.europesays.com\/lv\/wp-json\/wp\/v2\/users\/2"}],"replies":[{"embeddable":true,"href":"https:\/\/www.europesays.com\/lv\/wp-json\/wp\/v2\/comments?post=241519"}],"version-history":[{"count":0,"href":"https:\/\/www.europesays.com\/lv\/wp-json\/wp\/v2\/posts\/241519\/revisions"}],"wp:featuredmedia":[{"embeddable":true,"href":"https:\/\/www.europesays.com\/lv\/wp-json\/wp\/v2\/media\/241520"}],"wp:attachment":[{"href":"https:\/\/www.europesays.com\/lv\/wp-json\/wp\/v2\/media?parent=241519"}],"wp:term":[{"taxonomy":"category","embeddable":true,"href":"https:\/\/www.europesays.com\/lv\/wp-json\/wp\/v2\/categories?post=241519"},{"taxonomy":"post_tag","embeddable":true,"href":"https:\/\/www.europesays.com\/lv\/wp-json\/wp\/v2\/tags?post=241519"}],"curies":[{"name":"wp","href":"https:\/\/api.w.org\/{rel}","templated":true}]}}