{"id":24156,"date":"2025-10-18T11:41:09","date_gmt":"2025-10-18T11:41:09","guid":{"rendered":"https:\/\/www.europesays.com\/lv\/24156\/"},"modified":"2025-10-18T11:41:09","modified_gmt":"2025-10-18T11:41:09","slug":"uzbrukuma-gadijuma-nato-atbilde-sekos-uzreiz-uzsver-bijusais-militaras-komitejas-vaditajs-2","status":"publish","type":"post","link":"https:\/\/www.europesays.com\/lv\/24156\/","title":{"rendered":"Uzbrukuma gad\u012bjum\u0101 NATO atbilde sekos uzreiz, uzsver biju\u0161ais Milit\u0101r\u0101s komitejas vad\u012bt\u0101js"},"content":{"rendered":"<p>Bauers uzsv\u0113ra, ka Latvijas un Baltijas iedz\u012bvot\u0101ji nav vieni, bet alianse st\u0101v aiz vi\u0146iem.<\/p>\n<p>&#8220;T\u0101ds ir mans v\u0113st\u012bjums. P\u0101rst\u0101jiet klaus\u012bties vis\u0101das mu\u013c\u0137\u012bbas un uzticieties sav\u0113jiem, uzticieties Latvijas vald\u012bbai un Latvijas varas iest\u0101d\u0113m. Neklausieties, ko saka <a href=\"https:\/\/www.tvnet.lv\/term\/555452\/krievija\" class=\"topicLink\" target=\"_blank\" rel=\"nofollow noopener\">Krievija<\/a>, uzticieties saviem sabiedrotajiem,&#8221; uzsv\u0113ra Bauers.<\/p>\n<p>K\u0101 piem\u0113ru vi\u0146\u0161 min\u0113ja incidentu ar Krievijas droniem Polij\u0101. Rea\u0123\u0113\u0161an\u0101 uz \u0161o incidentu bija iesaist\u012btas vair\u0101kas rietumvalstu lidma\u0161\u012bnas, t\u0101tad <a href=\"https:\/\/www.tvnet.lv\/term\/9898\/nato\" class=\"topicLink\" target=\"_blank\" rel=\"nofollow noopener\">NATO<\/a> pal\u012bdz\u0113ja un rea\u0123\u0113ja.<\/p>\n<p>Vi\u0146\u0161 iesaka neklaus\u012bties cilv\u0113kos, kas katru dienu jaut\u0101, vai NATO l\u012bguma 5.pants patie\u0161\u0101m darbosies.<\/p>\n<p>&#8220;Labi zin\u0101m, kas v\u0113las uztur\u0113t \u0161o retoriku, kas v\u0113las, lai cilv\u0113ki atkal un atkal par to diskut\u0113 &#8211; tie ir krievi. Vai j\u016bs patie\u0161\u0101m ticat, ka vi\u0146i n\u0101ks pal\u012bg\u0101 mazai valstij, kas atrodas tik t\u0101lu no N\u012bderlandes? Kam tas visp\u0101r r\u016bp? Nu, N\u012bderlandes bru\u0146otajiem sp\u0113kiem r\u016bp. Cilv\u0113kiem Brisel\u0113 r\u016bp. NATO \u0161t\u0101bam r\u016bp, un sabiedroto sp\u0113ku virspav\u0113lnieks nodro\u0161ina j\u016bsu dro\u0161\u012bbu,&#8221; uzsv\u0113ra Bauers.<\/p>\n<p>Bauers ar\u012b nor\u0101d\u012bja k\u0101 nepamatotu apgalvojumu, ka par visu ir vajadz\u012bga diskusija Zieme\u013catlantijas padom\u0113.<\/p>\n<p>Milit\u0101rie pl\u0101ni nosaka konkr\u0113tu r\u012bc\u012bbu da\u017e\u0101du draudu gad\u012bjum\u0101 un aliansei ir pl\u0101notas daudzas da\u017e\u0101das darb\u012bbas, vi\u0146\u0161 skaidroja.<\/p>\n<p>Ja draudi palielin\u0101sies, alianse \u0161os pl\u0101nus \u012bstenos un nepiecie\u0161am\u012bbas gad\u012bjum\u0101 palielin\u0101s kaujas grupas no 1000 l\u012bdz 5000 karav\u012briem, vi\u0146\u0161 teica.<\/p>\n<p>Ja tie\u0161\u0101m notiek uzbrukums un s\u0101kas kar\u0161, NATO \u0123ener\u0101lsekret\u0101ram nav j\u0101gaida, kam\u0113r visi v\u0113stnieki aps\u0113\u017eas un izrun\u0101jas sav\u0101 starp\u0101. &#8220;Sp\u0113ki tiks uzreiz nos\u016bt\u012bti. V\u0101cijas un N\u012bderlandes sp\u0113ki ierad\u012bsies Baltijas valst\u012bs, par to alianse ir pie\u0146\u0113musi l\u0113mumu. J\u016bs pavisam noteikti neesat vieni,&#8221; piebilda Bauers.<\/p>\n<p><a target=\"_blank\" rel=\"noopener noreferrer nofollow\" href=\"https:\/\/www.leta.lv\/plus\/3DC38BB6-A29C-4C72-9A85-9B3C25803C72\">Visu interviju ar Baueru lasiet sada\u013c\u0101 LETA+<\/a>.<\/p>\n","protected":false},"excerpt":{"rendered":"Bauers uzsv\u0113ra, ka Latvijas un Baltijas iedz\u012bvot\u0101ji nav vieni, bet alianse st\u0101v aiz vi\u0146iem. &#8220;T\u0101ds ir mans v\u0113st\u012bjums.&hellip;\n","protected":false},"author":2,"featured_media":23992,"comment_status":"","ping_status":"","sticky":false,"template":"","format":"standard","meta":{"footnotes":""},"categories":[5],"tags":[23,28,29,32,33,22,234,74,30,31,35,39,38,36,37,34,40,71,20,26,27,24,25,276,21],"class_list":{"0":"post-24156","1":"post","2":"type-post","3":"status-publish","4":"format-standard","5":"has-post-thumbnail","7":"category-aktualitates","8":"tag-aktualitates","9":"tag-breaking-news","10":"tag-breakingnews","11":"tag-featured-news","12":"tag-featurednews","13":"tag-headlines","14":"tag-krievija","15":"tag-krievijas-iebrukums-ukraina","16":"tag-latest-news","17":"tag-latestnews","18":"tag-latvia","19":"tag-latvian","20":"tag-latviesu","21":"tag-latviesu-valoda","22":"tag-latviesuvaloda","23":"tag-latvija","24":"tag-lv","25":"tag-nato","26":"tag-news","27":"tag-popularakas-zinas","28":"tag-popularakaszinas","29":"tag-top-stories","30":"tag-topstories","31":"tag-ukraina","32":"tag-zinas"},"share_on_mastodon":{"url":"","error":""},"_links":{"self":[{"href":"https:\/\/www.europesays.com\/lv\/wp-json\/wp\/v2\/posts\/24156","targetHints":{"allow":["GET"]}}],"collection":[{"href":"https:\/\/www.europesays.com\/lv\/wp-json\/wp\/v2\/posts"}],"about":[{"href":"https:\/\/www.europesays.com\/lv\/wp-json\/wp\/v2\/types\/post"}],"author":[{"embeddable":true,"href":"https:\/\/www.europesays.com\/lv\/wp-json\/wp\/v2\/users\/2"}],"replies":[{"embeddable":true,"href":"https:\/\/www.europesays.com\/lv\/wp-json\/wp\/v2\/comments?post=24156"}],"version-history":[{"count":0,"href":"https:\/\/www.europesays.com\/lv\/wp-json\/wp\/v2\/posts\/24156\/revisions"}],"wp:featuredmedia":[{"embeddable":true,"href":"https:\/\/www.europesays.com\/lv\/wp-json\/wp\/v2\/media\/23992"}],"wp:attachment":[{"href":"https:\/\/www.europesays.com\/lv\/wp-json\/wp\/v2\/media?parent=24156"}],"wp:term":[{"taxonomy":"category","embeddable":true,"href":"https:\/\/www.europesays.com\/lv\/wp-json\/wp\/v2\/categories?post=24156"},{"taxonomy":"post_tag","embeddable":true,"href":"https:\/\/www.europesays.com\/lv\/wp-json\/wp\/v2\/tags?post=24156"}],"curies":[{"name":"wp","href":"https:\/\/api.w.org\/{rel}","templated":true}]}}