{"id":24175,"date":"2025-10-18T12:35:07","date_gmt":"2025-10-18T12:35:07","guid":{"rendered":"https:\/\/www.europesays.com\/lv\/24175\/"},"modified":"2025-10-18T12:35:07","modified_gmt":"2025-10-18T12:35:07","slug":"atklajas-jaunas-detalas-gimene-kur-delu-seja-pie-radiatora-galvenais-agresors-bijusi-mate","status":"publish","type":"post","link":"https:\/\/www.europesays.com\/lv\/24175\/","title":{"rendered":"Atkl\u0101jas jaunas deta\u013cas \u2013 \u0123imen\u0113, kur d\u0113lu s\u0113ja pie radiatora, galvenais agresors bijusi m\u0101te"},"content":{"rendered":"<p>Liep\u0101j\u0101 uzs\u0101kta pirmstiesas izmekl\u0113\u0161ana par iesp\u0113jamu&#13;<br \/>\nilgsto\u0161u vardarb\u012bbu pret 13 gadus vecu z\u0113nu. Izmekl\u0113\u0161anas gait\u0101 noskaidrots, ka&#13;<br \/>\nliel\u0101kais agresors \u0123imen\u0113 bijusi z\u0113na m\u0101te. Kad b\u0113rns non\u0101cis slimn\u012bc\u0101, medi\u0137i&#13;<br \/>\nkonstat\u0113ju\u0161i pla\u0161us zilumus pa visu \u0137ermeni. L\u012bdz \u0161im \u0123imene nebija ne&#13;<br \/>\nb\u0101ri\u0146tiesas, ne Soci\u0101l\u0101 dienesta redzeslok\u0101, tom\u0113r kaimi\u0146u un radinieku&#13;<br \/>\nst\u0101st\u012btais liecina par satrauco\u0161u ikdienas ainu, <a target=\"_blank\" href=\"https:\/\/www.lsm.lv\/raksts\/zinas\/latvija\/17.10.2025-policija-lieta-par-vardarbibu-pret-13-gadus-veco-zenu-liepaja-lielakais-agresors-bija-mamma.a618853\/\" rel=\"nofollow noopener\">noskaidrojusi Latvijas&#13;<br \/>\nTelev\u012bzija (LTV)<\/a>.<\/p>\n<p>Z\u0113ns, kuru LTV anonimit\u0101tes nol\u016bk\u0101 d\u0113v\u0113 par Timuru, august\u0101&#13;<br \/>\naizb\u0113dzis no m\u0101j\u0101m. Vi\u0146a radiniece v\u0113rsusies policij\u0101 ar iesniegumu par b\u0113rna&#13;<br \/>\npazu\u0161anu, bet, kad atradusi vi\u0146u, nog\u0101d\u0101jusi slimn\u012bc\u0101. \u0100rsti, redzot b\u0113rna&#13;<br \/>\nmiesas boj\u0101jumus, ieteiku\u0161i zi\u0146ot b\u0101ri\u0146tiesai. Valsts policija s\u0101kusi&#13;<br \/>\nkrimin\u0101lprocesu par cietsird\u012bgu iztur\u0113\u0161anos un vardarb\u012bbu pret mazgad\u012bgo, kas,&#13;<br \/>\np\u0113c s\u0101kotn\u0113j\u0101m aizdom\u0101m, notikusi vair\u0101ku gadu garum\u0101.<\/p>\n<p>Policija inform\u0113, ka b\u0113rns ticis piesiets pie radiatora un&#13;<br \/>\nsod\u012bts par da\u017e\u0101diem sadz\u012bviskiem p\u0101rk\u0101pumiem, piem\u0113ram, par neizpild\u012btiem&#13;<br \/>\nvec\u0101ku r\u012bkojumiem. Z\u0113ns dz\u012bvojis kop\u0101 ar m\u0101ti un pat\u0113vu, \u0123imen\u0113 aug v\u0113l divi&#13;<br \/>\nmaz\u0101ki b\u0113rni, tostarp jaundzimu\u0161ais. Izmekl\u0113t\u0101jiem ir aizdomas, ka cietu\u0161ajam&#13;<br \/>\nliegts uzturs un izteikti draudi. Tiesa l\u0113ma apcietin\u0101t pat\u0113vu, bet m\u0101tei&#13;<br \/>\npiem\u0113rots m\u0101jas arests.<\/p>\n<p>Daudzdz\u012bvok\u013cu m\u0101jas, kur \u0123imene \u012br\u0113jusi dz\u012bvokli, iem\u012btnieki&#13;<br \/>\npar notiku\u0161o ir \u0161ok\u0101. Da\u013ca kaimi\u0146u atz\u012bst, ka neko aizdom\u012bgu nav dzird\u0113ju\u0161i, jo&#13;<br \/>\n\u0123imene tur\u0113jusies noma\u013cus. Tom\u0113r citi esot dzird\u0113ju\u0161i b\u0113rna kliedzienus un&#13;<br \/>\ns\u016bdz\u012bbas par s\u0101p\u0113m, un vismaz viens iedz\u012bvot\u0101js esot zi\u0146ojis par notiku\u0161o m\u0101jas&#13;<br \/>\nvec\u0101kajai. Vair\u0101ki cilv\u0113ki st\u0101sta, ka m\u0101te nereti rea\u0123\u0113jusi agres\u012bvi, ja k\u0101ds&#13;<br \/>\ninteres\u0113jies par notieko\u0161o, un aizr\u0101d\u012bjusi, lai \u201cnelien vi\u0146u \u0123imen\u0113\u201d.<\/p>\n<p>P\u0113c notikuma b\u0113rns nekav\u0113joties iz\u0146emts no \u0123imenes, bet abi&#13;<br \/>\njaun\u0101kie b\u0113rni \u2013 tikai oktobra s\u0101kum\u0101. Liep\u0101jas b\u0101ri\u0146tiesas vad\u012bt\u0101ja skaidro,&#13;<br \/>\nka l\u0113mums \u0161\u0137irt ar\u012b p\u0101r\u0113jos b\u0113rnus pie\u0146emts p\u0113c papildu inform\u0101cijas&#13;<br \/>\nsa\u0146em\u0161anas. Visiem trim b\u0113rniem \u0161obr\u012bd nodro\u0161in\u0101ta aizbildn\u012bba. M\u0101te no&#13;<br \/>\nkoment\u0101riem telev\u012bzijai atteikusies.<\/p>\n<p>Kaimi\u0146i un pazi\u0146as apgalvo, ka sieviete un vi\u0146as&#13;<br \/>\ndz\u012bvesbiedrs bie\u017ei redz\u0113ti alkohola reibum\u0101. K\u0101da \u0123imenes radiniece st\u0101sta, ka&#13;<br \/>\njau pirms trim gadiem zi\u0146ojusi policijai par slikto attieksmi pret b\u0113rnu, ta\u010du&#13;<br \/>\ntoreiz p\u0101rk\u0101pumi netika konstat\u0113ti. Policija apstiprina, ka iepriek\u0161 bijusi&#13;<br \/>\ninform\u0101cija par m\u0101tes iesp\u0113jamu reibumu b\u0113rna apr\u016bpes laik\u0101, bet taj\u0101 br\u012bd\u012b&#13;<br \/>\nsieviete nebija alkohola ietekm\u0113, t\u0101p\u0113c process netika turpin\u0101ts.<\/p>\n<p>Skol\u0101, kur m\u0101c\u0101s z\u0113ns, nor\u0101da, ka l\u012bdz \u0161im nekas nav&#13;<br \/>\nliecin\u0101jis par vardarb\u012bbu \u0123imen\u0113, un \u0161obr\u012bd dar\u012bts viss iesp\u0113jamais, lai b\u0113rns&#13;<br \/>\njustos dro\u0161i. Liep\u0101jas Izgl\u012bt\u012bbas p\u0101rvalde sola p\u0101rrun\u0101t notiku\u0161o ar skolu&#13;<br \/>\nvad\u012bt\u0101jiem, uzsverot, ka katram iedz\u012bvot\u0101jam ir pien\u0101kums sarg\u0101t ne tikai savu,&#13;<br \/>\nbet ar\u012b citu b\u0113rnu dro\u0161\u012bbu, k\u0101 to paredz B\u0113rnu ties\u012bbu aizsardz\u012bbas likums.<\/p>\n","protected":false},"excerpt":{"rendered":"Liep\u0101j\u0101 uzs\u0101kta pirmstiesas izmekl\u0113\u0161ana par iesp\u0113jamu&#13; ilgsto\u0161u vardarb\u012bbu pret 13 gadus vecu z\u0113nu. Izmekl\u0113\u0161anas gait\u0101 noskaidrots, ka&#13; liel\u0101kais&hellip;\n","protected":false},"author":2,"featured_media":24176,"comment_status":"","ping_status":"","sticky":false,"template":"","format":"standard","meta":{"footnotes":""},"categories":[5],"tags":[129,7483,1276,3733,130,23,28,29,32,33,22,30,31,35,39,38,36,37,34,40,20,26,27,3734,131,1277,7484,3735,132,1278,7485,24,25,21],"class_list":{"0":"post-24175","1":"post","2":"type-post","3":"status-publish","4":"format-standard","5":"has-post-thumbnail","7":"category-aktualitates","8":"tag-__typenameadvicekeyword","9":"tag-id1193","10":"tag-id561","11":"tag-id881","12":"tag-id905","13":"tag-aktualitates","14":"tag-breaking-news","15":"tag-breakingnews","16":"tag-featured-news","17":"tag-featurednews","18":"tag-headlines","19":"tag-latest-news","20":"tag-latestnews","21":"tag-latvia","22":"tag-latvian","23":"tag-latviesu","24":"tag-latviesu-valoda","25":"tag-latviesuvaloda","26":"tag-latvija","27":"tag-lv","28":"tag-news","29":"tag-popularakas-zinas","30":"tag-popularakaszinas","31":"tag-slug112","32":"tag-slugliepaja","33":"tag-slugvalsts-policija","34":"tag-slugvardarbiba-gimene","35":"tag-title112","36":"tag-titleliepaja","37":"tag-titlevalsts-policija","38":"tag-titlevardarbiba-gimene","39":"tag-top-stories","40":"tag-topstories","41":"tag-zinas"},"share_on_mastodon":{"url":"","error":""},"_links":{"self":[{"href":"https:\/\/www.europesays.com\/lv\/wp-json\/wp\/v2\/posts\/24175","targetHints":{"allow":["GET"]}}],"collection":[{"href":"https:\/\/www.europesays.com\/lv\/wp-json\/wp\/v2\/posts"}],"about":[{"href":"https:\/\/www.europesays.com\/lv\/wp-json\/wp\/v2\/types\/post"}],"author":[{"embeddable":true,"href":"https:\/\/www.europesays.com\/lv\/wp-json\/wp\/v2\/users\/2"}],"replies":[{"embeddable":true,"href":"https:\/\/www.europesays.com\/lv\/wp-json\/wp\/v2\/comments?post=24175"}],"version-history":[{"count":0,"href":"https:\/\/www.europesays.com\/lv\/wp-json\/wp\/v2\/posts\/24175\/revisions"}],"wp:featuredmedia":[{"embeddable":true,"href":"https:\/\/www.europesays.com\/lv\/wp-json\/wp\/v2\/media\/24176"}],"wp:attachment":[{"href":"https:\/\/www.europesays.com\/lv\/wp-json\/wp\/v2\/media?parent=24175"}],"wp:term":[{"taxonomy":"category","embeddable":true,"href":"https:\/\/www.europesays.com\/lv\/wp-json\/wp\/v2\/categories?post=24175"},{"taxonomy":"post_tag","embeddable":true,"href":"https:\/\/www.europesays.com\/lv\/wp-json\/wp\/v2\/tags?post=24175"}],"curies":[{"name":"wp","href":"https:\/\/api.w.org\/{rel}","templated":true}]}}