{"id":241923,"date":"2026-07-04T21:51:15","date_gmt":"2026-07-04T21:51:15","guid":{"rendered":"https:\/\/www.europesays.com\/lv\/241923\/"},"modified":"2026-07-04T21:51:15","modified_gmt":"2026-07-04T21:51:15","slug":"stolcermanis-sasniedz-savu-labako-rezultatu-formula-regional-sacikstes-f1lv-blogs","status":"publish","type":"post","link":"https:\/\/www.europesays.com\/lv\/241923\/","title":{"rendered":"\u0160tolcermanis sasniedz savu lab\u0101ko rezult\u0101tu &#8220;Formula Regional&#8221; sac\u012bkst\u0113s : F1LV Blogs"},"content":{"rendered":"<p>\u201cPrema Racing\u201d vien\u012bbas brauc\u0113js Tomass \u0160tolcermanis izc\u012bn\u012bjis piekto vietu \u201cFormula Regional\u201d Eiropas \u010dempion\u0101ta (FREC) piekt\u0101 posma pirmaj\u0101 sac\u012bkst\u0113 Ung\u0101rij\u0101, kas ir vi\u0146a l\u012bdz \u0161im augst\u0101kais rezult\u0101ts k\u0101d\u0101 no braucieniem.<\/p>\n<p>Kvalifik\u0101cij\u0101 \u0160tolcermanis uzr\u0101d\u012bja sesto \u0101tr\u0101ko apli un ieguva ties\u012bbas pirmo no diviem pl\u0101notajiem braucieniem Hungaroring\u0101 uzs\u0101kt no sest\u0101s poz\u012bcijas.<\/p>\n<p>Starts padev\u0101s labs un \u0160tolcermanis ieguva vienu poz\u012bciju, bet p\u0113c tam tur\u0113j\u0101s piektaj\u0101 viet\u0101 visu sac\u012bksti. Tr\u012bs min\u016btes pirms laika atskaites beig\u0101m gan san\u0101ca neliela k\u013c\u016bda ap\u013ca beig\u0101s, kas turpin\u0101jum\u0101 \u013c\u0101va Markusam S\u012bteram izdar\u012bt spiedienu uz latvie\u0161u pilotu. Vien\u0101 no epizod\u0113m konkurents bremz\u0113jot noblo\u0137\u0113ja rite\u0146us, k\u0101 rezult\u0101t\u0101 vien par mata tiesu izdev\u0101s izvair\u012bties no ietriek\u0161an\u0101s Tomasa formul\u0101.<\/p>\n<p>P\u0113c tam S\u012bteram bija j\u0101aizst\u0101v pa\u0161am sava poz\u012bcija, \u0160tolcermanis ieguva nelielu p\u0101rsvaru un fini\u0161\u0113ja piektais. Vi\u0146\u0161 bija otrais starp debitantiem un visaugst\u0101k eso\u0161ais \u201cPrema Racing\u201d pilots. Iepriek\u0161 sportista augst\u0101kais rezult\u0101ts FREC sac\u012bkst\u0113s bija sept\u012bt\u0101 vieta.<\/p>\n<p>Uzvaru sasniedza no pole position start\u0113ju\u0161ais jap\u0101nis Juki Sano, bet otrais bija Ra\u0161ids Al-Daheri, l\u012bdz ar ko \u201cR-ace GP\u201d komanda ieguva dubultuzvaru.<\/p>\n<p>Otrais brauciens notiks sv\u0113tdien ar s\u0101kumu 16:45 p\u0113c Latvijas laika. R\u012bta pus\u0113 risin\u0101sies kvalifik\u0101cija. Tie\u0161raides v\u0113rojamas <a href=\"https:\/\/www.youtube.com\/watch?v=r8JLwC1_uKg\" target=\"_blank\" rel=\"noopener nofollow\">FREC ofici\u0101laj\u0101 \u201cYoutube\u201d kan\u0101l\u0101<\/a>.<\/p>\n<p>1. brauciena rezult\u0101ti:<\/p>\n<p><a href=\"https:\/\/f1.lv\/wp-content\/uploads\/2026\/07\/rez-1.jpg\" rel=\"nofollow noopener\" target=\"_blank\"><img fetchpriority=\"high\" decoding=\"async\" class=\"alignnone size-large wp-image-77629\" src=\"https:\/\/www.europesays.com\/lv\/wp-content\/uploads\/2026\/07\/rez-1-1024x502.jpg\" alt=\"\" width=\"696\" height=\"341\"  \/><\/a><\/p>\n<p>\ufeff<\/p>\n","protected":false},"excerpt":{"rendered":"\u201cPrema Racing\u201d vien\u012bbas brauc\u0113js Tomass \u0160tolcermanis izc\u012bn\u012bjis piekto vietu \u201cFormula Regional\u201d Eiropas \u010dempion\u0101ta (FREC) piekt\u0101 posma pirmaj\u0101 sac\u012bkst\u0113&hellip;\n","protected":false},"author":2,"featured_media":241924,"comment_status":"","ping_status":"","sticky":false,"template":"","format":"standard","meta":{"footnotes":"","_share_on_mastodon":"0"},"categories":[17],"tags":[37945,35,39,38,36,37,34,40,40430,67,37946],"class_list":["post-241923","post","type-post","status-publish","format-standard","has-post-thumbnail","category-sports","tag-frec","tag-latvia","tag-latvian","tag-latviesu","tag-latviesu-valoda","tag-latviesuvaloda","tag-latvija","tag-lv","tag-prema-racing","tag-sports","tag-tomass-stolcermanis"],"share_on_mastodon":{"url":"https:\/\/pubeurope.com\/@lv\/116863925594911692","error":""},"_links":{"self":[{"href":"https:\/\/www.europesays.com\/lv\/wp-json\/wp\/v2\/posts\/241923","targetHints":{"allow":["GET"]}}],"collection":[{"href":"https:\/\/www.europesays.com\/lv\/wp-json\/wp\/v2\/posts"}],"about":[{"href":"https:\/\/www.europesays.com\/lv\/wp-json\/wp\/v2\/types\/post"}],"author":[{"embeddable":true,"href":"https:\/\/www.europesays.com\/lv\/wp-json\/wp\/v2\/users\/2"}],"replies":[{"embeddable":true,"href":"https:\/\/www.europesays.com\/lv\/wp-json\/wp\/v2\/comments?post=241923"}],"version-history":[{"count":0,"href":"https:\/\/www.europesays.com\/lv\/wp-json\/wp\/v2\/posts\/241923\/revisions"}],"wp:featuredmedia":[{"embeddable":true,"href":"https:\/\/www.europesays.com\/lv\/wp-json\/wp\/v2\/media\/241924"}],"wp:attachment":[{"href":"https:\/\/www.europesays.com\/lv\/wp-json\/wp\/v2\/media?parent=241923"}],"wp:term":[{"taxonomy":"category","embeddable":true,"href":"https:\/\/www.europesays.com\/lv\/wp-json\/wp\/v2\/categories?post=241923"},{"taxonomy":"post_tag","embeddable":true,"href":"https:\/\/www.europesays.com\/lv\/wp-json\/wp\/v2\/tags?post=241923"}],"curies":[{"name":"wp","href":"https:\/\/api.w.org\/{rel}","templated":true}]}}