{"id":24197,"date":"2025-10-18T13:22:07","date_gmt":"2025-10-18T13:22:07","guid":{"rendered":"https:\/\/www.europesays.com\/lv\/24197\/"},"modified":"2025-10-18T13:22:07","modified_gmt":"2025-10-18T13:22:07","slug":"hermanis-broks-smits-sprogis-un-vitols-apvienojusies-jauna-politiska-kustiba-bez-partijam-apollo-lv","status":"publish","type":"post","link":"https:\/\/www.europesays.com\/lv\/24197\/","title":{"rendered":"Hermanis, Broks, \u0160mits, Spro\u0123is un V\u012btols apvienoju\u0161ies jaun\u0101 politisk\u0101 kust\u012bb\u0101 &quot;Bez partij\u0101m&quot; &#8211; Apollo.lv"},"content":{"rendered":"<ol>\n<li><a href=\"https:\/\/news.google.com\/rss\/articles\/CBMiuwFBVV95cUxPVXdIb2pMVWZQYVl0TmE4T0UwSjlrVGE3WmJvR1hZXy1oaGZfMUhicjN4cFlQR0ZPMFVSV05TV3V5ZzhrbWUyTnhmOTkxMkgxa1BJWkUxWEpmU214UDdqN0JMUVJoTXdpRmJPMGlEeDlIMzNKSG9hMXl0S2ZDeE5YTjlSSHdFXzlSQVFuMzc2Z0VUOU5aSTA1X3dTQmVxYXNjZktxR1A2aERqV2I4THA1LTRibGtrNXVQOE93?oc=5\" target=\"_blank\" rel=\"nofollow noopener\">Hermanis, Broks, \u0160mits, Spro\u0123is un V\u012btols apvienoju\u0161ies jaun\u0101 politisk\u0101 kust\u012bb\u0101 &#8220;Bez partij\u0101m&#8221;<\/a>&nbsp;&nbsp;Apollo.lv<\/li>\n<li><a href=\"https:\/\/news.google.com\/rss\/articles\/CBMi7wFBVV95cUxOelBtT3BHZFd6R0ctcGd3SVZQWkFZd2E1WFJsTkpIVW1Ka0kzQXN5SVM4LUZsX3JERXBrU3hDb09hMWg0Zlk1bnQ0SnN3UEhyTEpLLWlkMlBUTGZhcGd1X25aUnA1aWVONVhOb2hiNHBIRDJxUTY2clZkTEZrV2lHM0JSWjZuYS1VXzk4WmF3eURVUGFZTVV3alNxLWN2dGlRSHpLdC1zMFJ5UG5pWS1XdFZfaG54bHBxTUNuenJaUFp4UkpxVFhiTXdqbTQ1OWFsSDBCdlZ6VkQ3djNBTnNiUmhsVVlRSFdVVEVYbGZLTQ?oc=5\" target=\"_blank\" rel=\"nofollow noopener\">Re\u017eisors Hermanis, politi\u0137is \u0160mits un m\u0101c\u012bt\u0101js Spro\u0123is apvienoju\u0161ies politisk\u0101 kust\u012bb\u0101 \u00abBez partij\u0101m\u00bb<\/a>&nbsp;&nbsp;LSM<\/li>\n<li><a href=\"https:\/\/news.google.com\/rss\/articles\/CBMipAFBVV95cUxOd2NxR3pSdFdVNnhNdjJ0UFdmSVVqTXFBbHl0eGZwcEhiREMzUTZCR1Fkam45Y0tYRU00YmRtTjJOMkx3XzRpNUdvd3RDRmEzeS11VEtnSVh3SUxJaERJRVM1c2xlOW0xVkhlTVdXbjZtWU5oM1MxX1Y3X0Q3NmstUlJtSkl0VnF4MHIxeXJ3Mnl0Yk0waHRNZk1HcWFUVUY0dlZsbQ?oc=5\" target=\"_blank\" rel=\"nofollow noopener\">\u201cJ\u0101maina veco partiju staig\u0101\u0161ana pa apli!\u201d Alvis Hermanis pazi\u0146o par jaunu risin\u0101jumu, ko pl\u0101no realiz\u0113t<\/a>&nbsp;&nbsp;LA.LV<\/li>\n<li><a href=\"https:\/\/news.google.com\/rss\/articles\/CBMivAFBVV95cUxQMU4zbGo3WUN5UHU5NUhrVTUwUlo1M0lkV1F2RXR1dzE1Qzk0WjZzSlNMc055d0sxVDFyOTk3aXRQeFBTVFFkbWctbGFBbFlKMy16ZkFtWmtLa0EtRTBYSmZHVWFJNG5VZ21aZ3FOc05zSndIM3VRZm5PMExlejhGWkRsRjF5UXpBMjVQeHAwM1VxYlNxSlFhQy1jNG5FaEt3SVZFX2RCVUxwQ2w1SXdWN2dSUWswb2FhcUxBdA?oc=5\" target=\"_blank\" rel=\"nofollow noopener\">Hermanis, Broks, V\u012btols, \u0160mits un Spro\u0123is apvienoju\u0161ies jaun\u0101 politisk\u0101 kust\u012bb\u0101<\/a>&nbsp;&nbsp;Delfi<\/li>\n<li><a href=\"https:\/\/news.google.com\/rss\/articles\/CBMiygFBVV95cUxQakR1bXY5RElqd3Z2b25jdHU0VjgzY1ZHcjZ4blBVWnVFaXF4WmNqYkdlcjM3bjNzMU1uSGg2dVJNaUR0NjFNZ0FVVlMtdi04UmVmZWg4M28zb19XLXZoSmdYcUtXX3g2VldhLXdBbUZnUTl3SkFhMjhzbGpWTWNWemJXSUxMMkh1ZmxxMW5FalJBUU14STBucUhDTExwWWRwSjdxVldweVFTUFZ4LTBndVlaamtfQzU4SXpsX243Qmg4eThqWTVLeFF3?oc=5\" target=\"_blank\" rel=\"nofollow noopener\">Hermanis dibin\u0101s jaunu partiju kop\u0101 ar popul\u0101ru m\u0101c\u012bt\u0101ju un uz\u0146\u0113m\u0113ju. Nosaukums tr\u0101p\u012bgs!<\/a>&nbsp;&nbsp;Santa.lv<\/li>\n<\/ol>\n","protected":false},"excerpt":{"rendered":"Hermanis, Broks, \u0160mits, Spro\u0123is un V\u012btols apvienoju\u0161ies jaun\u0101 politisk\u0101 kust\u012bb\u0101 &#8220;Bez partij\u0101m&#8221;&nbsp;&nbsp;Apollo.lv Re\u017eisors Hermanis, politi\u0137is \u0160mits un m\u0101c\u012bt\u0101js&hellip;\n","protected":false},"author":2,"featured_media":24198,"comment_status":"","ping_status":"","sticky":false,"template":"","format":"standard","meta":{"footnotes":""},"categories":[12],"tags":[23,5992,28,29,32,33,22,30,31,35,39,38,36,37,34,40,20,3134,26,27,24,25,21],"class_list":{"0":"post-24197","1":"post","2":"type-post","3":"status-publish","4":"format-standard","5":"has-post-thumbnail","7":"category-latvija","8":"tag-aktualitates","9":"tag-alvis-hermanis","10":"tag-breaking-news","11":"tag-breakingnews","12":"tag-featured-news","13":"tag-featurednews","14":"tag-headlines","15":"tag-latest-news","16":"tag-latestnews","17":"tag-latvia","18":"tag-latvian","19":"tag-latviesu","20":"tag-latviesu-valoda","21":"tag-latviesuvaloda","22":"tag-latvija","23":"tag-lv","24":"tag-news","25":"tag-partijas","26":"tag-popularakas-zinas","27":"tag-popularakaszinas","28":"tag-top-stories","29":"tag-topstories","30":"tag-zinas"},"share_on_mastodon":{"url":"","error":""},"_links":{"self":[{"href":"https:\/\/www.europesays.com\/lv\/wp-json\/wp\/v2\/posts\/24197","targetHints":{"allow":["GET"]}}],"collection":[{"href":"https:\/\/www.europesays.com\/lv\/wp-json\/wp\/v2\/posts"}],"about":[{"href":"https:\/\/www.europesays.com\/lv\/wp-json\/wp\/v2\/types\/post"}],"author":[{"embeddable":true,"href":"https:\/\/www.europesays.com\/lv\/wp-json\/wp\/v2\/users\/2"}],"replies":[{"embeddable":true,"href":"https:\/\/www.europesays.com\/lv\/wp-json\/wp\/v2\/comments?post=24197"}],"version-history":[{"count":0,"href":"https:\/\/www.europesays.com\/lv\/wp-json\/wp\/v2\/posts\/24197\/revisions"}],"wp:featuredmedia":[{"embeddable":true,"href":"https:\/\/www.europesays.com\/lv\/wp-json\/wp\/v2\/media\/24198"}],"wp:attachment":[{"href":"https:\/\/www.europesays.com\/lv\/wp-json\/wp\/v2\/media?parent=24197"}],"wp:term":[{"taxonomy":"category","embeddable":true,"href":"https:\/\/www.europesays.com\/lv\/wp-json\/wp\/v2\/categories?post=24197"},{"taxonomy":"post_tag","embeddable":true,"href":"https:\/\/www.europesays.com\/lv\/wp-json\/wp\/v2\/tags?post=24197"}],"curies":[{"name":"wp","href":"https:\/\/api.w.org\/{rel}","templated":true}]}}